{"id":10179,"date":"2023-03-22T16:10:00","date_gmt":"2023-03-22T15:10:00","guid":{"rendered":"https:\/\/www.arbre-vengeur.fr\/?p=10179"},"modified":"2023-09-17T16:13:51","modified_gmt":"2023-09-17T15:13:51","slug":"modele-dactu-5","status":"publish","type":"post","link":"https:\/\/www.arbre-vengeur.fr\/?p=10179","title":{"rendered":"Avoir vingt ans au M\u00e9jan"},"content":{"rendered":"\n<p>Nous aurons le plaisir de nous rendre \u00e0 l&#8217;invitation lanc\u00e9e par la belle librairie <strong>Actes Sud du M\u00e9jan<\/strong>, \u00e0 Arles, pour c\u00e9l\u00e9brer notre anniversaire : ce sera le mercredi <strong>12 avril <\/strong>\u00e0 18h30 avec le renfort d&#8217;<strong><a href=\"https:\/\/www.arbre-vengeur.fr\/?p=7118\" data-type=\"post\" data-id=\"7118\">Arnaud Ma\u00efsetti<\/a><\/strong> qui pourra ainsi venir en voisin (ou presque) pour \u00e9voquer son nouveau roman <strong><em><a href=\"https:\/\/www.arbre-vengeur.fr\/?p=9442\" data-type=\"post\" data-id=\"9442\">Br\u00fbl\u00e9 vif<\/a><\/em><\/strong>.<\/p>\n","protected":false},"excerpt":{"rendered":"<p>Nous aurons le plaisir de nous rendre \u00e0 l&#8217;invitation lanc\u00e9e par la belle librairie Actes Sud du M\u00e9jan, \u00e0 Arles, pour c\u00e9l\u00e9brer notre anniversaire : ce sera le mercredi 12 avril \u00e0 18h30 avec le renfort d&#8217;Arnaud Ma\u00efsetti qui pourra ainsi venir en voisin (ou presque) pour \u00e9voquer son nouveau roman Br\u00fbl\u00e9 vif.<\/p>\n","protected":false},"author":5,"featured_media":10065,"comment_status":"closed","ping_status":"closed","sticky":false,"template":"","format":"standard","meta":{"footnotes":""},"categories":[9],"tags":[],"class_list":["post-10179","post","type-post","status-publish","format-standard","has-post-thumbnail","hentry","category-actu"],"_links":{"self":[{"href":"https:\/\/www.arbre-vengeur.fr\/index.php?rest_route=\/wp\/v2\/posts\/10179","targetHints":{"allow":["GET"]}}],"collection":[{"href":"https:\/\/www.arbre-vengeur.fr\/index.php?rest_route=\/wp\/v2\/posts"}],"about":[{"href":"https:\/\/www.arbre-vengeur.fr\/index.php?rest_route=\/wp\/v2\/types\/post"}],"author":[{"embeddable":true,"href":"https:\/\/www.arbre-vengeur.fr\/index.php?rest_route=\/wp\/v2\/users\/5"}],"replies":[{"embeddable":true,"href":"https:\/\/www.arbre-vengeur.fr\/index.php?rest_route=%2Fwp%2Fv2%2Fcomments&post=10179"}],"version-history":[{"count":1,"href":"https:\/\/www.arbre-vengeur.fr\/index.php?rest_route=\/wp\/v2\/posts\/10179\/revisions"}],"predecessor-version":[{"id":10189,"href":"https:\/\/www.arbre-vengeur.fr\/index.php?rest_route=\/wp\/v2\/posts\/10179\/revisions\/10189"}],"wp:featuredmedia":[{"embeddable":true,"href":"https:\/\/www.arbre-vengeur.fr\/index.php?rest_route=\/wp\/v2\/media\/10065"}],"wp:attachment":[{"href":"https:\/\/www.arbre-vengeur.fr\/index.php?rest_route=%2Fwp%2Fv2%2Fmedia&parent=10179"}],"wp:term":[{"taxonomy":"category","embeddable":true,"href":"https:\/\/www.arbre-vengeur.fr\/index.php?rest_route=%2Fwp%2Fv2%2Fcategories&post=10179"},{"taxonomy":"post_tag","embeddable":true,"href":"https:\/\/www.arbre-vengeur.fr\/index.php?rest_route=%2Fwp%2Fv2%2Ftags&post=10179"}],"curies":[{"name":"wp","href":"https:\/\/api.w.org\/{rel}","templated":true}]}}