{"id":10182,"date":"2023-03-30T16:10:00","date_gmt":"2023-03-30T15:10:00","guid":{"rendered":"https:\/\/www.arbre-vengeur.fr\/?p=10182"},"modified":"2023-09-17T16:17:40","modified_gmt":"2023-09-17T15:17:40","slug":"modele-dactu-8","status":"publish","type":"post","link":"https:\/\/www.arbre-vengeur.fr\/?p=10182","title":{"rendered":"Escalade \u00e0 l&#8217;Escale"},"content":{"rendered":"\n<p>Du vendredi 31 mars au dimanche 2 avril, nous investirons le square Dom Bedos \u00e0 Bordeaux pour l&#8217;Escale du livre, rendez-vous ind\u00e9passable des amateurs de livre de la r\u00e9gion, trois jours pour pr\u00e9senter nos livres et \u00e9changer avec nos lecteurs, trois jours pour f\u00eater un peu notre anniversaire, trois jours durant lesquels nos auteurs seront \u00e0 l&#8217;honneur et sur sc\u00e8ne : Catherine Logean, Eric Chevillard &amp; Killoffer et Claro. Un beau plateau de personnalit\u00e9s. Le programme est \u00e0 retrouver <strong><a href=\"https:\/\/escaledulivre.com\/festival\/programmation-2023-festival\/\" data-type=\"URL\" data-id=\"https:\/\/escaledulivre.com\/festival\/programmation-2023-festival\/\">ici.<\/a><\/strong><\/p>\n","protected":false},"excerpt":{"rendered":"<p>Du vendredi 31 mars au dimanche 2 avril, nous investirons le square Dom Bedos \u00e0 Bordeaux pour l&#8217;Escale du livre, rendez-vous ind\u00e9passable des amateurs de livre de la r\u00e9gion, trois jours pour pr\u00e9senter nos livres et \u00e9changer avec nos lecteurs, trois jours pour f\u00eater un peu notre anniversaire, trois jours durant lesquels nos auteurs seront [&hellip;]<\/p>\n","protected":false},"author":5,"featured_media":10161,"comment_status":"closed","ping_status":"closed","sticky":false,"template":"","format":"standard","meta":{"footnotes":""},"categories":[9],"tags":[],"class_list":["post-10182","post","type-post","status-publish","format-standard","has-post-thumbnail","hentry","category-actu"],"_links":{"self":[{"href":"https:\/\/www.arbre-vengeur.fr\/index.php?rest_route=\/wp\/v2\/posts\/10182","targetHints":{"allow":["GET"]}}],"collection":[{"href":"https:\/\/www.arbre-vengeur.fr\/index.php?rest_route=\/wp\/v2\/posts"}],"about":[{"href":"https:\/\/www.arbre-vengeur.fr\/index.php?rest_route=\/wp\/v2\/types\/post"}],"author":[{"embeddable":true,"href":"https:\/\/www.arbre-vengeur.fr\/index.php?rest_route=\/wp\/v2\/users\/5"}],"replies":[{"embeddable":true,"href":"https:\/\/www.arbre-vengeur.fr\/index.php?rest_route=%2Fwp%2Fv2%2Fcomments&post=10182"}],"version-history":[{"count":1,"href":"https:\/\/www.arbre-vengeur.fr\/index.php?rest_route=\/wp\/v2\/posts\/10182\/revisions"}],"predecessor-version":[{"id":10192,"href":"https:\/\/www.arbre-vengeur.fr\/index.php?rest_route=\/wp\/v2\/posts\/10182\/revisions\/10192"}],"wp:featuredmedia":[{"embeddable":true,"href":"https:\/\/www.arbre-vengeur.fr\/index.php?rest_route=\/wp\/v2\/media\/10161"}],"wp:attachment":[{"href":"https:\/\/www.arbre-vengeur.fr\/index.php?rest_route=%2Fwp%2Fv2%2Fmedia&parent=10182"}],"wp:term":[{"taxonomy":"category","embeddable":true,"href":"https:\/\/www.arbre-vengeur.fr\/index.php?rest_route=%2Fwp%2Fv2%2Fcategories&post=10182"},{"taxonomy":"post_tag","embeddable":true,"href":"https:\/\/www.arbre-vengeur.fr\/index.php?rest_route=%2Fwp%2Fv2%2Ftags&post=10182"}],"curies":[{"name":"wp","href":"https:\/\/api.w.org\/{rel}","templated":true}]}}