{"id":10206,"date":"2023-09-17T16:52:29","date_gmt":"2023-09-17T15:52:29","guid":{"rendered":"https:\/\/www.arbre-vengeur.fr\/?p=10206"},"modified":"2023-09-17T16:52:31","modified_gmt":"2023-09-17T15:52:31","slug":"chesterton-gilbert-keith-49-2-28-2-18","status":"publish","type":"post","link":"https:\/\/www.arbre-vengeur.fr\/?p=10206","title":{"rendered":"El\u00edas, Ricardo"},"content":{"rendered":"<p class=\"p1\"><span class=\"category\">N\u00e9 en 1983 \u00e0 Santiago du Chili, Ricardo Elias est notamment l&#8217;auteur de <em>Cielo fosco<\/em>. Ses textes ont \u00e9t\u00e9 publi\u00e9s dans des magazines hispano-am\u00e9ricains. Il a re\u00e7u \u00e0 deux reprises la bourse de cr\u00e9ation litt\u00e9raire du Fonds national du livre et de la lecture et son roman <em>A la c\u00e1rcel <\/em>remporte le prix du \u00ab Concurso Internacional de Novela Contacto Latino \u00bb. Adepte de la satire qui masque une critique plus s\u00e9v\u00e8re de son pays, l\u2019auteur d\u00e9clare : \u00ab <em>Je voulais \u00e9crire une histoire qui se d\u00e9roule dans une prison, mais je n&#8217;avais pas envie d&#8217;\u00e9crire un autre roman sur les prisons. On a beaucoup \u00e9crit sur la prison et le point de vue de toutes les histoires est presque toujours le m\u00eame, car il y a un point de vue plus ou moins commun et un exc\u00e8s de traits caract\u00e9ristiques, autrement dit une caricature. Mon id\u00e9e \u00e9tait de travailler avec cela, en utilisant le sarcasme et la parodie, et de construire une prison qui, en fin de compte, est la somme de toutes les prisons mais qui, \u00e0 son tour, n&#8217;en est aucune<\/em> \u00bb.<br \/>\nIl vit actuellement dans la ville de Santiago. <\/span><\/p>\n","protected":false},"excerpt":{"rendered":"<p>N\u00e9 en 1983 \u00e0 Santiago du Chili, Ricardo Elias est notamment l&#8217;auteur de Cielo fosco. Ses textes ont \u00e9t\u00e9 publi\u00e9s dans des magazines hispano-am\u00e9ricains. Il a re\u00e7u \u00e0 deux reprises la bourse de cr\u00e9ation litt\u00e9raire du Fonds national du livre et de la lecture et son roman A la c\u00e1rcel remporte le prix du \u00ab [&hellip;]<\/p>\n","protected":false},"author":5,"featured_media":10166,"comment_status":"closed","ping_status":"closed","sticky":false,"template":"","format":"standard","meta":{"footnotes":""},"categories":[10],"tags":[],"class_list":["post-10206","post","type-post","status-publish","format-standard","has-post-thumbnail","hentry","category-auteur"],"_links":{"self":[{"href":"https:\/\/www.arbre-vengeur.fr\/index.php?rest_route=\/wp\/v2\/posts\/10206","targetHints":{"allow":["GET"]}}],"collection":[{"href":"https:\/\/www.arbre-vengeur.fr\/index.php?rest_route=\/wp\/v2\/posts"}],"about":[{"href":"https:\/\/www.arbre-vengeur.fr\/index.php?rest_route=\/wp\/v2\/types\/post"}],"author":[{"embeddable":true,"href":"https:\/\/www.arbre-vengeur.fr\/index.php?rest_route=\/wp\/v2\/users\/5"}],"replies":[{"embeddable":true,"href":"https:\/\/www.arbre-vengeur.fr\/index.php?rest_route=%2Fwp%2Fv2%2Fcomments&post=10206"}],"version-history":[{"count":1,"href":"https:\/\/www.arbre-vengeur.fr\/index.php?rest_route=\/wp\/v2\/posts\/10206\/revisions"}],"predecessor-version":[{"id":10213,"href":"https:\/\/www.arbre-vengeur.fr\/index.php?rest_route=\/wp\/v2\/posts\/10206\/revisions\/10213"}],"wp:featuredmedia":[{"embeddable":true,"href":"https:\/\/www.arbre-vengeur.fr\/index.php?rest_route=\/wp\/v2\/media\/10166"}],"wp:attachment":[{"href":"https:\/\/www.arbre-vengeur.fr\/index.php?rest_route=%2Fwp%2Fv2%2Fmedia&parent=10206"}],"wp:term":[{"taxonomy":"category","embeddable":true,"href":"https:\/\/www.arbre-vengeur.fr\/index.php?rest_route=%2Fwp%2Fv2%2Fcategories&post=10206"},{"taxonomy":"post_tag","embeddable":true,"href":"https:\/\/www.arbre-vengeur.fr\/index.php?rest_route=%2Fwp%2Fv2%2Ftags&post=10206"}],"curies":[{"name":"wp","href":"https:\/\/api.w.org\/{rel}","templated":true}]}}