{"id":11157,"date":"2024-04-15T10:26:13","date_gmt":"2024-04-15T09:26:13","guid":{"rendered":"https:\/\/www.arbre-vengeur.fr\/?p=11157"},"modified":"2024-04-18T10:14:50","modified_gmt":"2024-04-18T09:14:50","slug":"lumieres-de-provins","status":"publish","type":"post","link":"https:\/\/www.arbre-vengeur.fr\/?p=11157","title":{"rendered":"Lumi\u00e8res de Provins"},"content":{"rendered":"\n<p>Appuy\u00e9 sur un canne qui lui donnait un air auguste (ou claudien), <strong><a href=\"https:\/\/www.arbre-vengeur.fr\/?p=6126\" data-type=\"post\" data-id=\"6126\">Fabien Courtal<\/a><\/strong>, arriv\u00e9 de Provins, est venu en visite sur notre stand parisien tr\u00e8s provincial, encore nimb\u00e9 du succ\u00e8s de sa traduction du myst\u00e9rieux Thomas Ligotti chez nos camarades des superbes Monts M\u00e9tallif\u00e8res \u00c9ditions. Auteur chez nous du recueil <strong><em><a href=\"https:\/\/www.arbre-vengeur.fr\/?p=6125\" data-type=\"post\" data-id=\"6125\">La soci\u00e9t\u00e9 Lumi\u00e8re<\/a><\/em><\/strong>, une r\u00e9v\u00e9lation et un livre hors du commun (mais paru le jour du confinement&#8230;), il venait causer en notre compagnie d&#8217;Arthur Machen dont il pr\u00e9pare, pour L&#8217;Arbre vengeur, une traduction du plus fou des textes de ce m\u00e9connu inclassable, projet qui nous tient \u00e0 c\u0153ur depuis longtemps. Et comme il nous sait amateur de surprises (de bonnes si possible), il avait dans sa besace des extraits de sa propre prose. On ne dira jamais assez l&#8217;utilit\u00e9 de ces rassemblements nomm\u00e9s salons (m\u00eame s&#8217;il nous a fallu d\u00e9jouer les ruses de tous les porteurs de manuscrits, un peu inquiets cependant de constater qu&#8217;il y avait bien trop de morts \u00e0 notre catalogue&#8230;)<\/p>\n","protected":false},"excerpt":{"rendered":"<p>Appuy\u00e9 sur un canne qui lui donnait un air auguste (ou claudien), Fabien Courtal, arriv\u00e9 de Provins, est venu en visite sur notre stand parisien tr\u00e8s provincial, encore nimb\u00e9 du succ\u00e8s de sa traduction du myst\u00e9rieux Thomas Ligotti chez nos camarades des superbes Monts M\u00e9tallif\u00e8res \u00c9ditions. Auteur chez nous du recueil La soci\u00e9t\u00e9 Lumi\u00e8re, une [&hellip;]<\/p>\n","protected":false},"author":2,"featured_media":11158,"comment_status":"closed","ping_status":"closed","sticky":false,"template":"","format":"standard","meta":{"footnotes":""},"categories":[9],"tags":[],"class_list":["post-11157","post","type-post","status-publish","format-standard","has-post-thumbnail","hentry","category-actu"],"_links":{"self":[{"href":"https:\/\/www.arbre-vengeur.fr\/index.php?rest_route=\/wp\/v2\/posts\/11157","targetHints":{"allow":["GET"]}}],"collection":[{"href":"https:\/\/www.arbre-vengeur.fr\/index.php?rest_route=\/wp\/v2\/posts"}],"about":[{"href":"https:\/\/www.arbre-vengeur.fr\/index.php?rest_route=\/wp\/v2\/types\/post"}],"author":[{"embeddable":true,"href":"https:\/\/www.arbre-vengeur.fr\/index.php?rest_route=\/wp\/v2\/users\/2"}],"replies":[{"embeddable":true,"href":"https:\/\/www.arbre-vengeur.fr\/index.php?rest_route=%2Fwp%2Fv2%2Fcomments&post=11157"}],"version-history":[{"count":1,"href":"https:\/\/www.arbre-vengeur.fr\/index.php?rest_route=\/wp\/v2\/posts\/11157\/revisions"}],"predecessor-version":[{"id":11159,"href":"https:\/\/www.arbre-vengeur.fr\/index.php?rest_route=\/wp\/v2\/posts\/11157\/revisions\/11159"}],"wp:featuredmedia":[{"embeddable":true,"href":"https:\/\/www.arbre-vengeur.fr\/index.php?rest_route=\/wp\/v2\/media\/11158"}],"wp:attachment":[{"href":"https:\/\/www.arbre-vengeur.fr\/index.php?rest_route=%2Fwp%2Fv2%2Fmedia&parent=11157"}],"wp:term":[{"taxonomy":"category","embeddable":true,"href":"https:\/\/www.arbre-vengeur.fr\/index.php?rest_route=%2Fwp%2Fv2%2Fcategories&post=11157"},{"taxonomy":"post_tag","embeddable":true,"href":"https:\/\/www.arbre-vengeur.fr\/index.php?rest_route=%2Fwp%2Fv2%2Ftags&post=11157"}],"curies":[{"name":"wp","href":"https:\/\/api.w.org\/{rel}","templated":true}]}}