{"id":12066,"date":"2025-03-09T12:27:11","date_gmt":"2025-03-09T11:27:11","guid":{"rendered":"https:\/\/www.arbre-vengeur.fr\/?p=12066"},"modified":"2025-03-17T11:20:30","modified_gmt":"2025-03-17T10:20:30","slug":"un-salon-sur-la-rive-droite","status":"publish","type":"post","link":"https:\/\/www.arbre-vengeur.fr\/?p=12066","title":{"rendered":"Un salon sur la rive droite"},"content":{"rendered":"\n<p>Deux rendez-vous pour L\u2019Arbre vengeur loin de ses murs et de son fleuve, tr\u00e8s prochainement.<\/p>\n\n\n\n<p>Tout d&#8217;abord les Escales du livre de Bordeaux qui auront lieu cette ann\u00e9e pas tr\u00e8s loin de chez nous, \u00e0 Darwin, sur la rive droite, du <strong>4 au 6 avril<\/strong>. Nous y tiendrons salon avec plaisir, et proposerons une <strong>lecture<\/strong> de <strong><em>Rue des vivants<\/em><\/strong> de Suzanne Martin par Miren Lassus-Olasagasti, sur la terrasse de la Fabrique POLA que nous connaissons bien. Un moment unique pour faire entendre la voix d&#8217;une autrice oubli\u00e9e que nous avons eu le bonheur de tirer de l&#8217;oubli avec la r\u00e9\u00e9dition de son sublime roman autobiographique.<\/p>\n","protected":false},"excerpt":{"rendered":"<p>Deux rendez-vous pour L\u2019Arbre vengeur loin de ses murs et de son fleuve, tr\u00e8s prochainement. Tout d&#8217;abord les Escales du livre de Bordeaux qui auront lieu cette ann\u00e9e pas tr\u00e8s loin de chez nous, \u00e0 Darwin, sur la rive droite, du 4 au 6 avril. Nous y tiendrons salon avec plaisir, et proposerons une lecture [&hellip;]<\/p>\n","protected":false},"author":2,"featured_media":12137,"comment_status":"closed","ping_status":"closed","sticky":false,"template":"","format":"standard","meta":{"footnotes":""},"categories":[9],"tags":[],"class_list":["post-12066","post","type-post","status-publish","format-standard","has-post-thumbnail","hentry","category-actu"],"_links":{"self":[{"href":"https:\/\/www.arbre-vengeur.fr\/index.php?rest_route=\/wp\/v2\/posts\/12066","targetHints":{"allow":["GET"]}}],"collection":[{"href":"https:\/\/www.arbre-vengeur.fr\/index.php?rest_route=\/wp\/v2\/posts"}],"about":[{"href":"https:\/\/www.arbre-vengeur.fr\/index.php?rest_route=\/wp\/v2\/types\/post"}],"author":[{"embeddable":true,"href":"https:\/\/www.arbre-vengeur.fr\/index.php?rest_route=\/wp\/v2\/users\/2"}],"replies":[{"embeddable":true,"href":"https:\/\/www.arbre-vengeur.fr\/index.php?rest_route=%2Fwp%2Fv2%2Fcomments&post=12066"}],"version-history":[{"count":1,"href":"https:\/\/www.arbre-vengeur.fr\/index.php?rest_route=\/wp\/v2\/posts\/12066\/revisions"}],"predecessor-version":[{"id":12068,"href":"https:\/\/www.arbre-vengeur.fr\/index.php?rest_route=\/wp\/v2\/posts\/12066\/revisions\/12068"}],"wp:featuredmedia":[{"embeddable":true,"href":"https:\/\/www.arbre-vengeur.fr\/index.php?rest_route=\/wp\/v2\/media\/12137"}],"wp:attachment":[{"href":"https:\/\/www.arbre-vengeur.fr\/index.php?rest_route=%2Fwp%2Fv2%2Fmedia&parent=12066"}],"wp:term":[{"taxonomy":"category","embeddable":true,"href":"https:\/\/www.arbre-vengeur.fr\/index.php?rest_route=%2Fwp%2Fv2%2Fcategories&post=12066"},{"taxonomy":"post_tag","embeddable":true,"href":"https:\/\/www.arbre-vengeur.fr\/index.php?rest_route=%2Fwp%2Fv2%2Ftags&post=12066"}],"curies":[{"name":"wp","href":"https:\/\/api.w.org\/{rel}","templated":true}]}}