{"id":12149,"date":"2025-03-18T12:24:40","date_gmt":"2025-03-18T11:24:40","guid":{"rendered":"https:\/\/www.arbre-vengeur.fr\/?p=12149"},"modified":"2025-03-21T12:26:38","modified_gmt":"2025-03-21T11:26:38","slug":"les-petits-animaux-de-mehdi","status":"publish","type":"post","link":"https:\/\/www.arbre-vengeur.fr\/?p=12149","title":{"rendered":"Les petits animaux de Mehdi"},"content":{"rendered":"\n<p>Double actualit\u00e9 pour le trop discret Mehdi Beneitez qui est \u00e0 l&#8217;honneur \u00e0 partir de demain et jusqu&#8217;au 31 mai \u00e0 <a href=\"https:\/\/www.facebook.com\/lafanzinotheque?__cft__[0]=AZVgnASenig7qQOkmGlXyhgoFtyE3--qTsMbg4R3U6ALIIJka384AweRBT8FIWDj5fGj1ecSKi3A88-ZPbGIttgkB0MYxKL_gAtQa83IRwOSfqGUycdRH-s5hsQJdVb6E8ix0MKIjE0gMvUeJK3OGi9Q8k5nRPcQXYYFM7RyT9UiIQ&amp;__tn__=-]K-R\">La Fanzinoth\u00e8que<\/a> de Poitiers pour une exposition intitul\u00e9e &#8220;M\u00e9nagerie incertaine&#8221; qui permettra d&#8217;admirer son formidable travail graphique autour de planches naturalistes : des dessins originaux, des s\u00e9rigraphies et ses ouvrages micro-\u00e9dit\u00e9s composent cette exposition animali\u00e8re qui risque en \u00e9blouir plus d&#8217;un. Hasard du calendrier printanier, c&#8217;est demain que para\u00eet notre \u00e9dition du &#8220;Peuple blanc&#8221; le texte hallucin\u00e9 et incomparable d&#8217;Arthur Machen pour lequel Mehdi a r\u00e9alis\u00e9 une illustration qui court tout le long de la couverture (l&#8217;original est visible dans notre bureau).<br>Ce gar\u00e7on a du talent, il fait tout son possible pour ne pas le faire savoir. Et c&#8217;est le meilleur des amis de L&#8217;Arbre vengeur.<\/p>\n","protected":false},"excerpt":{"rendered":"<p>Double actualit\u00e9 pour le trop discret Mehdi Beneitez qui est \u00e0 l&#8217;honneur \u00e0 partir de demain et jusqu&#8217;au 31 mai \u00e0 La Fanzinoth\u00e8que de Poitiers pour une exposition intitul\u00e9e &#8220;M\u00e9nagerie incertaine&#8221; qui permettra d&#8217;admirer son formidable travail graphique autour de planches naturalistes : des dessins originaux, des s\u00e9rigraphies et ses ouvrages micro-\u00e9dit\u00e9s composent cette exposition [&hellip;]<\/p>\n","protected":false},"author":2,"featured_media":12150,"comment_status":"closed","ping_status":"closed","sticky":false,"template":"","format":"standard","meta":{"footnotes":""},"categories":[9],"tags":[],"class_list":["post-12149","post","type-post","status-publish","format-standard","has-post-thumbnail","hentry","category-actu"],"_links":{"self":[{"href":"https:\/\/www.arbre-vengeur.fr\/index.php?rest_route=\/wp\/v2\/posts\/12149","targetHints":{"allow":["GET"]}}],"collection":[{"href":"https:\/\/www.arbre-vengeur.fr\/index.php?rest_route=\/wp\/v2\/posts"}],"about":[{"href":"https:\/\/www.arbre-vengeur.fr\/index.php?rest_route=\/wp\/v2\/types\/post"}],"author":[{"embeddable":true,"href":"https:\/\/www.arbre-vengeur.fr\/index.php?rest_route=\/wp\/v2\/users\/2"}],"replies":[{"embeddable":true,"href":"https:\/\/www.arbre-vengeur.fr\/index.php?rest_route=%2Fwp%2Fv2%2Fcomments&post=12149"}],"version-history":[{"count":1,"href":"https:\/\/www.arbre-vengeur.fr\/index.php?rest_route=\/wp\/v2\/posts\/12149\/revisions"}],"predecessor-version":[{"id":12151,"href":"https:\/\/www.arbre-vengeur.fr\/index.php?rest_route=\/wp\/v2\/posts\/12149\/revisions\/12151"}],"wp:featuredmedia":[{"embeddable":true,"href":"https:\/\/www.arbre-vengeur.fr\/index.php?rest_route=\/wp\/v2\/media\/12150"}],"wp:attachment":[{"href":"https:\/\/www.arbre-vengeur.fr\/index.php?rest_route=%2Fwp%2Fv2%2Fmedia&parent=12149"}],"wp:term":[{"taxonomy":"category","embeddable":true,"href":"https:\/\/www.arbre-vengeur.fr\/index.php?rest_route=%2Fwp%2Fv2%2Fcategories&post=12149"},{"taxonomy":"post_tag","embeddable":true,"href":"https:\/\/www.arbre-vengeur.fr\/index.php?rest_route=%2Fwp%2Fv2%2Ftags&post=12149"}],"curies":[{"name":"wp","href":"https:\/\/api.w.org\/{rel}","templated":true}]}}