{"id":12420,"date":"2025-07-08T20:55:51","date_gmt":"2025-07-08T19:55:51","guid":{"rendered":"https:\/\/www.arbre-vengeur.fr\/?p=12420"},"modified":"2025-07-10T20:59:17","modified_gmt":"2025-07-10T19:59:17","slug":"la-mouche-entoilee","status":"publish","type":"post","link":"https:\/\/www.arbre-vengeur.fr\/?p=12420","title":{"rendered":"La mouche entoil\u00e9e"},"content":{"rendered":"\n<p>Emmanuel Carr\u00e8re a un peu surpris son monde (mais pas tout le monde) en \u00e9crivant dans son livre &#8220;Yoga&#8221; tout le bien qu&#8217;il pensait et ce qu&#8217;il devait aux titres de la collection Marabout Fantastique de sa jeunesse et notamment celui de George Langelaan, &#8220;Nouvelles de l&#8217;Anti-Monde&#8221;, que nous avions eu la joie de r\u00e9\u00e9diter (et de voir les ventes relanc\u00e9es suite \u00e0 cette d\u00e9claration d&#8217;amour litt\u00e9raire et juv\u00e9nile). &#8220;Rien n&#8217;a autant compt\u00e9 dans la formation de mon go\u00fbt que ce <a><\/a>livre-l\u00e0&#8221;, \u00e9crivait-il, revenant longuement sur une des saisissantes nouvelles du volume qui ne contient donc pas seulement La (fameuse) Mouche. Pour en faire profiter plus de monde encore, nous publierons ce recueil c\u00e9l\u00e8bre (ou m\u00e9connu ?) en septembre dans notre collection de poche, l&#8217;arbuste v\u00e9h\u00e9ment : 450 pages de quatri\u00e8me dimension et d&#8217;intelligence narrative et imaginative par un curieux personnage des Lettres franco-anglaises. Le livre nous est arriv\u00e9 hier, non sans mal (palette &#8220;introuvable&#8221; pendant plusieurs jours, comme aval\u00e9e par l&#8217;anti-mati\u00e8re&#8230;) et il nous fait bien plaisir de le retrouver ainsi.<\/p>\n\n\n\n<p>On signale aux collectionneurs qu&#8217;il nous reste quelques exemplaires de la pr\u00e9c\u00e9dente \u00e9dition, mais plus beaucoup&#8230;<\/p>\n","protected":false},"excerpt":{"rendered":"<p>Emmanuel Carr\u00e8re a un peu surpris son monde (mais pas tout le monde) en \u00e9crivant dans son livre &#8220;Yoga&#8221; tout le bien qu&#8217;il pensait et ce qu&#8217;il devait aux titres de la collection Marabout Fantastique de sa jeunesse et notamment celui de George Langelaan, &#8220;Nouvelles de l&#8217;Anti-Monde&#8221;, que nous avions eu la joie de r\u00e9\u00e9diter [&hellip;]<\/p>\n","protected":false},"author":2,"featured_media":12421,"comment_status":"closed","ping_status":"closed","sticky":false,"template":"","format":"standard","meta":{"footnotes":""},"categories":[9],"tags":[],"class_list":["post-12420","post","type-post","status-publish","format-standard","has-post-thumbnail","hentry","category-actu"],"_links":{"self":[{"href":"https:\/\/www.arbre-vengeur.fr\/index.php?rest_route=\/wp\/v2\/posts\/12420","targetHints":{"allow":["GET"]}}],"collection":[{"href":"https:\/\/www.arbre-vengeur.fr\/index.php?rest_route=\/wp\/v2\/posts"}],"about":[{"href":"https:\/\/www.arbre-vengeur.fr\/index.php?rest_route=\/wp\/v2\/types\/post"}],"author":[{"embeddable":true,"href":"https:\/\/www.arbre-vengeur.fr\/index.php?rest_route=\/wp\/v2\/users\/2"}],"replies":[{"embeddable":true,"href":"https:\/\/www.arbre-vengeur.fr\/index.php?rest_route=%2Fwp%2Fv2%2Fcomments&post=12420"}],"version-history":[{"count":1,"href":"https:\/\/www.arbre-vengeur.fr\/index.php?rest_route=\/wp\/v2\/posts\/12420\/revisions"}],"predecessor-version":[{"id":12422,"href":"https:\/\/www.arbre-vengeur.fr\/index.php?rest_route=\/wp\/v2\/posts\/12420\/revisions\/12422"}],"wp:featuredmedia":[{"embeddable":true,"href":"https:\/\/www.arbre-vengeur.fr\/index.php?rest_route=\/wp\/v2\/media\/12421"}],"wp:attachment":[{"href":"https:\/\/www.arbre-vengeur.fr\/index.php?rest_route=%2Fwp%2Fv2%2Fmedia&parent=12420"}],"wp:term":[{"taxonomy":"category","embeddable":true,"href":"https:\/\/www.arbre-vengeur.fr\/index.php?rest_route=%2Fwp%2Fv2%2Fcategories&post=12420"},{"taxonomy":"post_tag","embeddable":true,"href":"https:\/\/www.arbre-vengeur.fr\/index.php?rest_route=%2Fwp%2Fv2%2Ftags&post=12420"}],"curies":[{"name":"wp","href":"https:\/\/api.w.org\/{rel}","templated":true}]}}