{"id":12494,"date":"2025-08-26T12:56:09","date_gmt":"2025-08-26T11:56:09","guid":{"rendered":"https:\/\/www.arbre-vengeur.fr\/?p=12494"},"modified":"2025-08-26T12:56:11","modified_gmt":"2025-08-26T11:56:11","slug":"appelez-le-le-18","status":"publish","type":"post","link":"https:\/\/www.arbre-vengeur.fr\/?p=12494","title":{"rendered":"Appelez(-le) le 18 !"},"content":{"rendered":"\n<p>Les chevillardiens, chevillardistes, chevillardomanes, chevillardophiles n&#8217;en pouvaient presque plus d&#8217;attendre pour conna\u00eetre le nom du nouveau volume de <strong>L&#8217;Autofictif<\/strong>, XVIII\u00e8me d&#8217;une s\u00e9rie &#8211; d&#8217;une aventure ! &#8211; qui se moque du temps et des al\u00e9as, et poursuit imperturbablement sa course dans le ciel \u00e9toil\u00e9 de la litt\u00e9rature contemporaine, \u00e0 l&#8217;\u00e9cart des modes, des mouvements, des tourments (et du succ\u00e8s aussi, il faut bien l&#8217;avouer). En janvier donc, au c\u0153ur d&#8217;un hiver qu&#8217;on imagine d\u00e9j\u00e0 rigoureux, surgira cet Autofictif aux couleurs japonaises qui permettra de retrouver le Tintin des Lettres fran\u00e7aises sur les pentes d&#8217;un volcan nippon ou dans les rues sages d&#8217;une capitale multicolore. Avec des sentences de grand voyageur comme celle-ci :<br>&#8220;Deux jours \u00e0 peine sur place et je suis Tokyo\u00efte comme le Tokyo\u00efte. Il ne m\u2019aura pas fallu longtemps ! Je d\u00e9ambule, d\u00e9file, prends la pose, souris, je fais d\u00e9j\u00e0 tr\u00e8s bien au Japon le Japonais en France.&#8221;<br>On conseillera le moment venu \u00e0 celles et ceux qui recherchent la s\u00e9r\u00e9nit\u00e9 ce nouveau volume que l&#8217;on trouvera peut-\u00eatre dans le rayon &#8220;d\u00e9veloppement personnel&#8221; des vingt librairies qui l&#8217;accueillent encore.<br>Et d&#8217;ici l\u00e0 on peut compl\u00e9ter sa collection (il ne faudra pas se plaindre quand nous annoncerons des titres \u00e9puis\u00e9s), pour certains volumes \u00e0 prix modique, en se rendant, d&#8217;un clic, ici :<br><a href=\"https:\/\/www.arbre-vengeur.fr\/?p=1371\">https:\/\/www.arbre-vengeur.fr\/?p=1371<\/a><br>PS : on rappelle que le neveu d&#8217;Eric Chevillard a jou\u00e9 cet \u00e9t\u00e9 au basket avec Pierre Niney, ce qui laisse entrevoir l&#8217;\u00e9tendue des connexions de cet \u00e9crivain, pas aussi isol\u00e9 qu&#8217;on le voudrait croire.<\/p>\n","protected":false},"excerpt":{"rendered":"<p>Les chevillardiens, chevillardistes, chevillardomanes, chevillardophiles n&#8217;en pouvaient presque plus d&#8217;attendre pour conna\u00eetre le nom du nouveau volume de L&#8217;Autofictif, XVIII\u00e8me d&#8217;une s\u00e9rie &#8211; d&#8217;une aventure ! &#8211; qui se moque du temps et des al\u00e9as, et poursuit imperturbablement sa course dans le ciel \u00e9toil\u00e9 de la litt\u00e9rature contemporaine, \u00e0 l&#8217;\u00e9cart des modes, des mouvements, des [&hellip;]<\/p>\n","protected":false},"author":2,"featured_media":12495,"comment_status":"closed","ping_status":"closed","sticky":false,"template":"","format":"standard","meta":{"footnotes":""},"categories":[9],"tags":[],"class_list":["post-12494","post","type-post","status-publish","format-standard","has-post-thumbnail","hentry","category-actu"],"_links":{"self":[{"href":"https:\/\/www.arbre-vengeur.fr\/index.php?rest_route=\/wp\/v2\/posts\/12494","targetHints":{"allow":["GET"]}}],"collection":[{"href":"https:\/\/www.arbre-vengeur.fr\/index.php?rest_route=\/wp\/v2\/posts"}],"about":[{"href":"https:\/\/www.arbre-vengeur.fr\/index.php?rest_route=\/wp\/v2\/types\/post"}],"author":[{"embeddable":true,"href":"https:\/\/www.arbre-vengeur.fr\/index.php?rest_route=\/wp\/v2\/users\/2"}],"replies":[{"embeddable":true,"href":"https:\/\/www.arbre-vengeur.fr\/index.php?rest_route=%2Fwp%2Fv2%2Fcomments&post=12494"}],"version-history":[{"count":1,"href":"https:\/\/www.arbre-vengeur.fr\/index.php?rest_route=\/wp\/v2\/posts\/12494\/revisions"}],"predecessor-version":[{"id":12496,"href":"https:\/\/www.arbre-vengeur.fr\/index.php?rest_route=\/wp\/v2\/posts\/12494\/revisions\/12496"}],"wp:featuredmedia":[{"embeddable":true,"href":"https:\/\/www.arbre-vengeur.fr\/index.php?rest_route=\/wp\/v2\/media\/12495"}],"wp:attachment":[{"href":"https:\/\/www.arbre-vengeur.fr\/index.php?rest_route=%2Fwp%2Fv2%2Fmedia&parent=12494"}],"wp:term":[{"taxonomy":"category","embeddable":true,"href":"https:\/\/www.arbre-vengeur.fr\/index.php?rest_route=%2Fwp%2Fv2%2Fcategories&post=12494"},{"taxonomy":"post_tag","embeddable":true,"href":"https:\/\/www.arbre-vengeur.fr\/index.php?rest_route=%2Fwp%2Fv2%2Ftags&post=12494"}],"curies":[{"name":"wp","href":"https:\/\/api.w.org\/{rel}","templated":true}]}}