{"id":12621,"date":"2025-09-20T18:22:29","date_gmt":"2025-09-20T17:22:29","guid":{"rendered":"https:\/\/www.arbre-vengeur.fr\/?p=12621"},"modified":"2025-09-23T18:23:34","modified_gmt":"2025-09-23T17:23:34","slug":"elogieux","status":"publish","type":"post","link":"https:\/\/www.arbre-vengeur.fr\/?p=12621","title":{"rendered":"\u00c9logieux"},"content":{"rendered":"\n<p>On n&#8217;ira pas faire croire que cela ne nous fait pas tr\u00e8s plaisir d&#8217;appara\u00eetre dans les pages du livre qu&#8217;Olivier Bessard-Banquy vient de publier chez Actes Sud au sujet de la petite \u00e9dition ind\u00e9pendante et a fortiori d&#8217;y d\u00e9couvrir la couverture de l&#8217;un de nos livres (illustr\u00e9 par Donatien Mary). Dans ce bel opus aux agr\u00e9ables proportions et au papier raffin\u00e9, l&#8217;auteur de <strong><em>La Fabrique du livre<\/em><\/strong> fait profiter aux amateurs (et aux professionnels) de la large \u00e9tendue de ses connaissances d&#8217;un milieu et d&#8217;acteurs point si connus que \u00e7a, en partant des d\u00e9buts de la III\u00b0 R\u00e9publique jusqu&#8217;\u00e0 hier ou presque. On y a, sans \u00e9tonnement, rien appris sur nous-m\u00eames mais beaucoup sur nos pr\u00e9d\u00e9cesseurs, nos contemporains, nos camarades d&#8217;aventure, ravis d&#8217;y croiser quelques fortes personnalit\u00e9s et d&#8217;\u00e9tonnantes trajectoires (conduisant rarement \u00e0 la richesse, \u00e0 de tr\u00e8s rares exceptions&#8230;).<br>Voil\u00e0 un livre qu&#8217;on esp\u00e8re mis en avant dans toutes ces librairies qui se battent depuis des ann\u00e9es pour d\u00e9fendre cette fameuse bibliodiversit\u00e9 qui fait la richesse de notre \u00e9cosyst\u00e8me. C&#8217;est quand m\u00eame gr\u00e2ce \u00e0 elles qu&#8217;on tient encore le coup !<br><a href=\"https:\/\/actes-sud.fr\/catalogue\/culture-et-patrimoine\/eloge-de-la-petite-edition-litteraire\">https:\/\/actes-sud.fr\/catalogue\/culture-et-patrimoine\/eloge-de-la-petite-edition-litteraire<\/a><\/p>\n","protected":false},"excerpt":{"rendered":"<p>On n&#8217;ira pas faire croire que cela ne nous fait pas tr\u00e8s plaisir d&#8217;appara\u00eetre dans les pages du livre qu&#8217;Olivier Bessard-Banquy vient de publier chez Actes Sud au sujet de la petite \u00e9dition ind\u00e9pendante et a fortiori d&#8217;y d\u00e9couvrir la couverture de l&#8217;un de nos livres (illustr\u00e9 par Donatien Mary). Dans ce bel opus aux [&hellip;]<\/p>\n","protected":false},"author":2,"featured_media":12622,"comment_status":"closed","ping_status":"closed","sticky":false,"template":"","format":"standard","meta":{"footnotes":""},"categories":[9],"tags":[],"class_list":["post-12621","post","type-post","status-publish","format-standard","has-post-thumbnail","hentry","category-actu"],"_links":{"self":[{"href":"https:\/\/www.arbre-vengeur.fr\/index.php?rest_route=\/wp\/v2\/posts\/12621","targetHints":{"allow":["GET"]}}],"collection":[{"href":"https:\/\/www.arbre-vengeur.fr\/index.php?rest_route=\/wp\/v2\/posts"}],"about":[{"href":"https:\/\/www.arbre-vengeur.fr\/index.php?rest_route=\/wp\/v2\/types\/post"}],"author":[{"embeddable":true,"href":"https:\/\/www.arbre-vengeur.fr\/index.php?rest_route=\/wp\/v2\/users\/2"}],"replies":[{"embeddable":true,"href":"https:\/\/www.arbre-vengeur.fr\/index.php?rest_route=%2Fwp%2Fv2%2Fcomments&post=12621"}],"version-history":[{"count":1,"href":"https:\/\/www.arbre-vengeur.fr\/index.php?rest_route=\/wp\/v2\/posts\/12621\/revisions"}],"predecessor-version":[{"id":12623,"href":"https:\/\/www.arbre-vengeur.fr\/index.php?rest_route=\/wp\/v2\/posts\/12621\/revisions\/12623"}],"wp:featuredmedia":[{"embeddable":true,"href":"https:\/\/www.arbre-vengeur.fr\/index.php?rest_route=\/wp\/v2\/media\/12622"}],"wp:attachment":[{"href":"https:\/\/www.arbre-vengeur.fr\/index.php?rest_route=%2Fwp%2Fv2%2Fmedia&parent=12621"}],"wp:term":[{"taxonomy":"category","embeddable":true,"href":"https:\/\/www.arbre-vengeur.fr\/index.php?rest_route=%2Fwp%2Fv2%2Fcategories&post=12621"},{"taxonomy":"post_tag","embeddable":true,"href":"https:\/\/www.arbre-vengeur.fr\/index.php?rest_route=%2Fwp%2Fv2%2Ftags&post=12621"}],"curies":[{"name":"wp","href":"https:\/\/api.w.org\/{rel}","templated":true}]}}