{"id":12629,"date":"2025-09-26T13:42:20","date_gmt":"2025-09-26T12:42:20","guid":{"rendered":"https:\/\/www.arbre-vengeur.fr\/?p=12629"},"modified":"2025-09-29T13:45:06","modified_gmt":"2025-09-29T12:45:06","slug":"gradignan-nous-y-serons","status":"publish","type":"post","link":"https:\/\/www.arbre-vengeur.fr\/?p=12629","title":{"rendered":"Gradignan, nous y serons !"},"content":{"rendered":"\n<p>Pour la troisi\u00e8me ann\u00e9e, nous aurons la joie de tenir stand sur le fameux salon du livre de poche, Lire en poche de Gradignan qui aura lieu du 10 au 12 octobre du c\u00f4t\u00e9 de Mandavit. Une occasion de d\u00e9couvrir la seule collection de poche d&#8217;un \u00e9diteur girondin, L&#8217;arbuste v\u00e9h\u00e9ment, de (re)d\u00e9couvrir notre fonds, de s&#8217;\u00e9bahir devant nos plus br\u00fblantes nouveaut\u00e9s. Nous serons dans notre angle, v\u00e9loces et attentifs.<\/p>\n","protected":false},"excerpt":{"rendered":"<p>Pour la troisi\u00e8me ann\u00e9e, nous aurons la joie de tenir stand sur le fameux salon du livre de poche, Lire en poche de Gradignan qui aura lieu du 10 au 12 octobre du c\u00f4t\u00e9 de Mandavit. Une occasion de d\u00e9couvrir la seule collection de poche d&#8217;un \u00e9diteur girondin, L&#8217;arbuste v\u00e9h\u00e9ment, de (re)d\u00e9couvrir notre fonds, de [&hellip;]<\/p>\n","protected":false},"author":2,"featured_media":12630,"comment_status":"closed","ping_status":"closed","sticky":false,"template":"","format":"standard","meta":{"footnotes":""},"categories":[9],"tags":[],"class_list":["post-12629","post","type-post","status-publish","format-standard","has-post-thumbnail","hentry","category-actu"],"_links":{"self":[{"href":"https:\/\/www.arbre-vengeur.fr\/index.php?rest_route=\/wp\/v2\/posts\/12629","targetHints":{"allow":["GET"]}}],"collection":[{"href":"https:\/\/www.arbre-vengeur.fr\/index.php?rest_route=\/wp\/v2\/posts"}],"about":[{"href":"https:\/\/www.arbre-vengeur.fr\/index.php?rest_route=\/wp\/v2\/types\/post"}],"author":[{"embeddable":true,"href":"https:\/\/www.arbre-vengeur.fr\/index.php?rest_route=\/wp\/v2\/users\/2"}],"replies":[{"embeddable":true,"href":"https:\/\/www.arbre-vengeur.fr\/index.php?rest_route=%2Fwp%2Fv2%2Fcomments&post=12629"}],"version-history":[{"count":1,"href":"https:\/\/www.arbre-vengeur.fr\/index.php?rest_route=\/wp\/v2\/posts\/12629\/revisions"}],"predecessor-version":[{"id":12631,"href":"https:\/\/www.arbre-vengeur.fr\/index.php?rest_route=\/wp\/v2\/posts\/12629\/revisions\/12631"}],"wp:featuredmedia":[{"embeddable":true,"href":"https:\/\/www.arbre-vengeur.fr\/index.php?rest_route=\/wp\/v2\/media\/12630"}],"wp:attachment":[{"href":"https:\/\/www.arbre-vengeur.fr\/index.php?rest_route=%2Fwp%2Fv2%2Fmedia&parent=12629"}],"wp:term":[{"taxonomy":"category","embeddable":true,"href":"https:\/\/www.arbre-vengeur.fr\/index.php?rest_route=%2Fwp%2Fv2%2Fcategories&post=12629"},{"taxonomy":"post_tag","embeddable":true,"href":"https:\/\/www.arbre-vengeur.fr\/index.php?rest_route=%2Fwp%2Fv2%2Ftags&post=12629"}],"curies":[{"name":"wp","href":"https:\/\/api.w.org\/{rel}","templated":true}]}}