{"id":12654,"date":"2025-10-13T17:53:12","date_gmt":"2025-10-13T16:53:12","guid":{"rendered":"https:\/\/www.arbre-vengeur.fr\/?p=12654"},"modified":"2025-10-13T17:53:14","modified_gmt":"2025-10-13T16:53:14","slug":"sus-a-la-fourriere","status":"publish","type":"post","link":"https:\/\/www.arbre-vengeur.fr\/?p=12654","title":{"rendered":"Sus \u00e0 la fourri\u00e8re !"},"content":{"rendered":"\n<p>Nous avons fait connaissance dans le monde r\u00e9el avec <strong>Marcel B\u00e9nabou <\/strong>dans de dr\u00f4les de circonstances : on venait de lui embarquer sa voiture suppos\u00e9ment mal gar\u00e9e dans la ville de Charente maritime o\u00f9 il vill\u00e9giature et il \u00e9tait d\u00e9sol\u00e9 de ne pouvoir honorer son rendez-vous avec L&#8217;Arbre vengeur venu en d\u00e9l\u00e9gation rendre hommage \u00e0 cet Oulipien pas aussi connu qu&#8217;il le m\u00e9riterait. Qu&#8217;\u00e0 cela ne tienne, serviables et v\u00e9loces, nous le conduis\u00eemes, s\u00e9ance tenante, dans quelque fourri\u00e8re perdue (et quasi introuvable) au fin fond d&#8217;une zone artisanale d\u00e9sert\u00e9e par ses artisans. La glace \u00e9tait rompue (et la voiture tir\u00e9e des griffes des maniaques de la contravention) et le lien se nouait avec cet \u00eatre charmant, \u00e9rudit et accueillant dont on avait essay\u00e9 de nous \u00e9loigner (sans vouloir voir des conspirations partout).<br>C&#8217;est qu&#8217;il s&#8217;agissait de causer avec lui de l&#8217;un de nos vieux r\u00eaves : r\u00e9\u00e9diter son roman le plus singulier, au titre pour le moins \u00e9vocateur, et faire ainsi entrer dans notre catalogue, apr\u00e8s Fran\u00e7ois Caradec, un autre membre \u00e9minent de l&#8217;OULIPO.<br>&#8220;Jette ce livre avant qu&#8217;il soit trop tard&#8221; est un pur tr\u00e9sor de dr\u00f4lerie, d&#8217;intelligence, de malice, un livre sur les livres et la fascination qu&#8217;ils exercent sur nos \u00e2mes sensibles, une performance litt\u00e9raire tr\u00e8s excitante, bref un livre fait pour nous !<br>Nous sommes donc tr\u00e8s heureux d&#8217;annoncer sa parution en f\u00e9vrier prochain (si les \u00e9l\u00e9ments ne viennent pas conspirer pour en emp\u00eacher la sortie, nous commen\u00e7ons \u00e0 nous m\u00e9fier).<\/p>\n","protected":false},"excerpt":{"rendered":"<p>Nous avons fait connaissance dans le monde r\u00e9el avec Marcel B\u00e9nabou dans de dr\u00f4les de circonstances : on venait de lui embarquer sa voiture suppos\u00e9ment mal gar\u00e9e dans la ville de Charente maritime o\u00f9 il vill\u00e9giature et il \u00e9tait d\u00e9sol\u00e9 de ne pouvoir honorer son rendez-vous avec L&#8217;Arbre vengeur venu en d\u00e9l\u00e9gation rendre hommage \u00e0 [&hellip;]<\/p>\n","protected":false},"author":2,"featured_media":12655,"comment_status":"closed","ping_status":"closed","sticky":false,"template":"","format":"standard","meta":{"footnotes":""},"categories":[9],"tags":[],"class_list":["post-12654","post","type-post","status-publish","format-standard","has-post-thumbnail","hentry","category-actu"],"_links":{"self":[{"href":"https:\/\/www.arbre-vengeur.fr\/index.php?rest_route=\/wp\/v2\/posts\/12654","targetHints":{"allow":["GET"]}}],"collection":[{"href":"https:\/\/www.arbre-vengeur.fr\/index.php?rest_route=\/wp\/v2\/posts"}],"about":[{"href":"https:\/\/www.arbre-vengeur.fr\/index.php?rest_route=\/wp\/v2\/types\/post"}],"author":[{"embeddable":true,"href":"https:\/\/www.arbre-vengeur.fr\/index.php?rest_route=\/wp\/v2\/users\/2"}],"replies":[{"embeddable":true,"href":"https:\/\/www.arbre-vengeur.fr\/index.php?rest_route=%2Fwp%2Fv2%2Fcomments&post=12654"}],"version-history":[{"count":1,"href":"https:\/\/www.arbre-vengeur.fr\/index.php?rest_route=\/wp\/v2\/posts\/12654\/revisions"}],"predecessor-version":[{"id":12656,"href":"https:\/\/www.arbre-vengeur.fr\/index.php?rest_route=\/wp\/v2\/posts\/12654\/revisions\/12656"}],"wp:featuredmedia":[{"embeddable":true,"href":"https:\/\/www.arbre-vengeur.fr\/index.php?rest_route=\/wp\/v2\/media\/12655"}],"wp:attachment":[{"href":"https:\/\/www.arbre-vengeur.fr\/index.php?rest_route=%2Fwp%2Fv2%2Fmedia&parent=12654"}],"wp:term":[{"taxonomy":"category","embeddable":true,"href":"https:\/\/www.arbre-vengeur.fr\/index.php?rest_route=%2Fwp%2Fv2%2Fcategories&post=12654"},{"taxonomy":"post_tag","embeddable":true,"href":"https:\/\/www.arbre-vengeur.fr\/index.php?rest_route=%2Fwp%2Fv2%2Ftags&post=12654"}],"curies":[{"name":"wp","href":"https:\/\/api.w.org\/{rel}","templated":true}]}}