{"id":12865,"date":"2026-01-04T16:00:13","date_gmt":"2026-01-04T15:00:13","guid":{"rendered":"https:\/\/www.arbre-vengeur.fr\/?p=12865"},"modified":"2026-03-12T16:26:13","modified_gmt":"2026-03-12T15:26:13","slug":"chesterton-gilbert-keith-49-2-28-2-51","status":"publish","type":"post","link":"https:\/\/www.arbre-vengeur.fr\/?p=12865","title":{"rendered":"<span class=\"illus\">Mass\u00e9, Ludovic<\/span>"},"content":{"rendered":"<p>N\u00e9 en 1900 \u00e0 Evol pr\u00e8s d\u2019Olette, Ludovic Mass\u00e9 grandit \u00e0 Saint-Jean Pla de Corts, passe par le coll\u00e8ge de C\u00e9ret avant d\u2019int\u00e9grer l\u2019\u00e9cole normale \u00e0 Perpignan de laquelle il ressort instituteur. Bon \u00e9l\u00e8ve, brillant \u00e9tudiant, il se distingue d\u00e9j\u00e0 par un sens de l\u2019observation aigu, un penchant pour la provocation et un go\u00fbt prononc\u00e9 pour la litt\u00e9rature. De son esprit anticonformiste na\u00eetra en 1930 un de ses premiers textes, <em>Fi\u00e8vre au village<\/em>. Remarqu\u00e9 par Henri Poulaille, l\u2019ap\u00f4tre de la \u00ab litt\u00e9rature prol\u00e9tarienne \u00bb, il publie son premier roman <em>Le mas des Oubells<\/em> chez Grasset, en 1933, finaliste du Goncourt. Tr\u00e8s actif, le jeune \u00e9crivain collabore \u00e0 de nombreux journaux et revues souvent sous pseudonymes. Dans ses textes, il t\u00e9moigne de son int\u00e9r\u00eat pour les petites gens, les sauvages, les r\u00e9fugi\u00e9s espagnols et les contrebandiers. Suspect\u00e9 de communisme, quand son temp\u00e9rament lui fait refuser d\u2019adh\u00e9rer au moindre credo politique, il renonce \u00e0 l\u2019enseignement et s\u2019installe \u00e0 Perpignan.<br \/>\nContinuant \u00e0 \u00e9crire, il devient courtier en tableaux pour les grandes familles de la bourgeoisie catalane. En 1944 paraissent <em>Le livret de famille<\/em> et <em>Le vin pur<\/em>, puis <em>La fleur de la jeunesse<\/em> en 1948, <em>La terre du Li\u00e8ge<\/em> en 1953, <em>Les trabucayres<\/em> en 1955, <em>Le Refus<\/em> en 1962, <em>Le sang du Vallespir<\/em> enfin en 1980. Sans r\u00e9pit, Ludovic Mass\u00e9 passera son existence \u00e0 se d\u00e9marquer des mouvements de masse et \u00e0 revendiquer sa libert\u00e9. Homme de la marge, par conviction, il s\u2019\u00e9tait r\u00e9fugi\u00e9 dans l\u2019attitude simple de conteur d\u2019histoires. Mort en 1982 \u00e0 Perpignan, il laisse une \u0153uvre qui, par-del\u00e0 le terroir et la m\u00e9moire, incarne une vision antitotalitaire et c\u2019est en ce sens qu\u2019au-del\u00e0 d\u2019un certain r\u00e9gionalisme, elle atteint l\u2019universel.<\/p>\n<p>C&#8217;est \u00e0 son petit-fils, Christophe, qui depuis des ann\u00e9es \u0153uvre pour le souvenir de son grand-p\u00e8re, que l&#8217;on doit une pr\u00e9face tr\u00e8s personnelle sur cette haute figure litt\u00e9raire qui reste encore bien m\u00e9connue, y compris dans ses terres catalanes.<\/p>\n","protected":false},"excerpt":{"rendered":"<p>N\u00e9 en 1900 \u00e0 Evol pr\u00e8s d\u2019Olette, Ludovic Mass\u00e9 grandit \u00e0 Saint-Jean Pla de Corts, passe par le coll\u00e8ge de C\u00e9ret avant d\u2019int\u00e9grer l\u2019\u00e9cole normale \u00e0 Perpignan de laquelle il ressort instituteur. Bon \u00e9l\u00e8ve, brillant \u00e9tudiant, il se distingue d\u00e9j\u00e0 par un sens de l\u2019observation aigu, un penchant pour la provocation et un go\u00fbt prononc\u00e9 [&hellip;]<\/p>\n","protected":false},"author":5,"featured_media":12880,"comment_status":"closed","ping_status":"closed","sticky":false,"template":"","format":"standard","meta":{"footnotes":""},"categories":[10],"tags":[],"class_list":["post-12865","post","type-post","status-publish","format-standard","has-post-thumbnail","hentry","category-auteur"],"_links":{"self":[{"href":"https:\/\/www.arbre-vengeur.fr\/index.php?rest_route=\/wp\/v2\/posts\/12865","targetHints":{"allow":["GET"]}}],"collection":[{"href":"https:\/\/www.arbre-vengeur.fr\/index.php?rest_route=\/wp\/v2\/posts"}],"about":[{"href":"https:\/\/www.arbre-vengeur.fr\/index.php?rest_route=\/wp\/v2\/types\/post"}],"author":[{"embeddable":true,"href":"https:\/\/www.arbre-vengeur.fr\/index.php?rest_route=\/wp\/v2\/users\/5"}],"replies":[{"embeddable":true,"href":"https:\/\/www.arbre-vengeur.fr\/index.php?rest_route=%2Fwp%2Fv2%2Fcomments&post=12865"}],"version-history":[{"count":3,"href":"https:\/\/www.arbre-vengeur.fr\/index.php?rest_route=\/wp\/v2\/posts\/12865\/revisions"}],"predecessor-version":[{"id":13190,"href":"https:\/\/www.arbre-vengeur.fr\/index.php?rest_route=\/wp\/v2\/posts\/12865\/revisions\/13190"}],"wp:featuredmedia":[{"embeddable":true,"href":"https:\/\/www.arbre-vengeur.fr\/index.php?rest_route=\/wp\/v2\/media\/12880"}],"wp:attachment":[{"href":"https:\/\/www.arbre-vengeur.fr\/index.php?rest_route=%2Fwp%2Fv2%2Fmedia&parent=12865"}],"wp:term":[{"taxonomy":"category","embeddable":true,"href":"https:\/\/www.arbre-vengeur.fr\/index.php?rest_route=%2Fwp%2Fv2%2Fcategories&post=12865"},{"taxonomy":"post_tag","embeddable":true,"href":"https:\/\/www.arbre-vengeur.fr\/index.php?rest_route=%2Fwp%2Fv2%2Ftags&post=12865"}],"curies":[{"name":"wp","href":"https:\/\/api.w.org\/{rel}","templated":true}]}}