{"id":12916,"date":"2026-01-03T13:44:05","date_gmt":"2026-01-03T12:44:05","guid":{"rendered":"https:\/\/www.arbre-vengeur.fr\/?p=12916"},"modified":"2026-03-02T17:21:39","modified_gmt":"2026-03-02T16:21:39","slug":"modele-de-post-livre-97-21-84","status":"publish","type":"post","link":"https:\/\/www.arbre-vengeur.fr\/?p=12916","title":{"rendered":"Molinier, une vie d&#8217;enfer"},"content":{"rendered":"\n<h6 class=\"wp-block-heading\">Co\u00e9dition Mollat &#8211; Arbre vengeur<\/h6>\n\n\n\n<h6 class=\"wp-block-heading\">\u2014<\/h6>\n\n\n<p class=\"p1\">On a longtemps pris Pierre Molinier pour un artiste marginal dont les excentricit\u00e9s et les manies amusaient ou inqui\u00e9taient les habitants d\u2019une ville dont il \u00e9tait devenu une figure. Loin de cette vision folklorique, le peintre et photographe concevait pourtant, \u00e0 sa mani\u00e8re provocatrice et intransigeante, une \u0153uvre de toute premi\u00e8re importance qu\u2019Andr\u00e9 Breton, le premier, salua avec ferveur.<\/p>\n<p class=\"p1\">Cinquante ans apr\u00e8s sa disparition dans des circonstances spectaculaires, on ne cesse de l\u2019honorer aux quatre coins du monde pour son \u0153uvre photographique qui fait le bonheur trouble des collectionneurs. Il convenait \u00e0 cette occasion de documenter avec pr\u00e9cision ce parcours pour le moins singulier et de tordre le cou \u00e0 des clich\u00e9s tenaces et des ragots qui masquent les al\u00e9as d\u2019une existence pour le moins originale.<\/p>\n<p class=\"p1\">Pierre Petit, qui a bien connu l\u2019homme sur ses derni\u00e8res ann\u00e9es, revient, dans cette biographie augment\u00e9e qu\u2019ont enrichie les d\u00e9couvertes de nouveaux documents, sur cette vie qui aura \u00e9t\u00e9 en coh\u00e9rence parfaite avec sa cr\u00e9ation.<\/p>\n<p class=\"p1\">Pierre Molinier, d\u00e9barrass\u00e9 des oripeaux d\u2019une post\u00e9rit\u00e9 joueuse, se\u202fred\u00e9couvre \u00e0 nous.<\/p>","protected":false},"excerpt":{"rendered":"<p>Co\u00e9dition Mollat &#8211; Arbre vengeur \u2014 On a longtemps pris Pierre Molinier pour un artiste marginal dont les excentricit\u00e9s et les manies amusaient ou inqui\u00e9taient les habitants d\u2019une ville dont il \u00e9tait devenu une figure. Loin de cette vision folklorique, le peintre et photographe concevait pourtant, \u00e0 sa mani\u00e8re provocatrice et intransigeante, une \u0153uvre de [&hellip;]<\/p>\n","protected":false},"author":5,"featured_media":12920,"comment_status":"closed","ping_status":"closed","sticky":false,"template":"","format":"standard","meta":{"footnotes":""},"categories":[4],"tags":[],"class_list":["post-12916","post","type-post","status-publish","format-standard","has-post-thumbnail","hentry","category-livres-parus"],"_links":{"self":[{"href":"https:\/\/www.arbre-vengeur.fr\/index.php?rest_route=\/wp\/v2\/posts\/12916","targetHints":{"allow":["GET"]}}],"collection":[{"href":"https:\/\/www.arbre-vengeur.fr\/index.php?rest_route=\/wp\/v2\/posts"}],"about":[{"href":"https:\/\/www.arbre-vengeur.fr\/index.php?rest_route=\/wp\/v2\/types\/post"}],"author":[{"embeddable":true,"href":"https:\/\/www.arbre-vengeur.fr\/index.php?rest_route=\/wp\/v2\/users\/5"}],"replies":[{"embeddable":true,"href":"https:\/\/www.arbre-vengeur.fr\/index.php?rest_route=%2Fwp%2Fv2%2Fcomments&post=12916"}],"version-history":[{"count":4,"href":"https:\/\/www.arbre-vengeur.fr\/index.php?rest_route=\/wp\/v2\/posts\/12916\/revisions"}],"predecessor-version":[{"id":12923,"href":"https:\/\/www.arbre-vengeur.fr\/index.php?rest_route=\/wp\/v2\/posts\/12916\/revisions\/12923"}],"wp:featuredmedia":[{"embeddable":true,"href":"https:\/\/www.arbre-vengeur.fr\/index.php?rest_route=\/wp\/v2\/media\/12920"}],"wp:attachment":[{"href":"https:\/\/www.arbre-vengeur.fr\/index.php?rest_route=%2Fwp%2Fv2%2Fmedia&parent=12916"}],"wp:term":[{"taxonomy":"category","embeddable":true,"href":"https:\/\/www.arbre-vengeur.fr\/index.php?rest_route=%2Fwp%2Fv2%2Fcategories&post=12916"},{"taxonomy":"post_tag","embeddable":true,"href":"https:\/\/www.arbre-vengeur.fr\/index.php?rest_route=%2Fwp%2Fv2%2Ftags&post=12916"}],"curies":[{"name":"wp","href":"https:\/\/api.w.org\/{rel}","templated":true}]}}