{"id":1397,"date":"2013-11-25T18:37:26","date_gmt":"2013-11-25T17:37:26","guid":{"rendered":"http:\/\/localhost:8888\/arbrev4\/?p=1397"},"modified":"2013-11-25T18:37:26","modified_gmt":"2013-11-25T17:37:26","slug":"legrand-arnaud","status":"publish","type":"post","link":"https:\/\/www.arbre-vengeur.fr\/?p=1397","title":{"rendered":"Legrand, Arnaud"},"content":{"rendered":"<p>N\u00e9 en 1969,\u00a0Arnaud Legrand\u00a0est s\u00e9miologue de formation.<\/p>\n<p>Musicien professionnel (guitare, contrebasse, percussions et voix), il se partage entre ses formations de musiques vivantes, l\u2019enseignement de la musique, les concerts-conf\u00e9rences et les publications sur l\u2019histoire de la musique et l\u2019organologie du xx<sup>e<\/sup>\u00a0si\u00e8cle. Sp\u00e9cialiste de la guitare dans tous ses \u00e9tats (histoire, facture instrumentale, r\u00e9pertoires, instrumentistes, march\u00e9s), il travaille \u00e0 la promotion des instruments anciens et de la lutherie artisanale en tant que consultant aupr\u00e8s d\u2019acteurs professionnels des m\u00e9tiers de la musique. Il est aussi producteur sur France Musique o\u00f9 il conte \u00ab\u00a0des Guitares &amp; des Hommes : les sons h\u00e9ro\u00efques\u00a0\u00bb.<\/p>\n<p>Jusqu\u2019alors son champ d\u2019\u00e9criture \u00e9tait consacr\u00e9 \u00e0 celui de la musique dans les revues sp\u00e9cialis\u00e9es<em>Musique &amp; Technique<\/em>,\u00a0<em>Vintage Guitare, Vintage Vertigo<\/em>\u00a0mais avec un traitement litt\u00e9raire plut\u00f4t rare dans un tel univers.\u00a0<em>Sans-suite suivi de Rien<\/em>\u00a0est son premier livre.<\/p>\n","protected":false},"excerpt":{"rendered":"<p>N\u00e9 en 1969,\u00a0Arnaud Legrand\u00a0est s\u00e9miologue de formation. Musicien professionnel (guitare, contrebasse, percussions et voix), il se partage entre ses formations de musiques vivantes, l\u2019enseignement de la musique, les concerts-conf\u00e9rences et les publications sur l\u2019histoire de la musique et l\u2019organologie du xxe\u00a0si\u00e8cle. Sp\u00e9cialiste de la guitare dans tous ses \u00e9tats (histoire, facture instrumentale, r\u00e9pertoires, instrumentistes, march\u00e9s), [&hellip;]<\/p>\n","protected":false},"author":5,"featured_media":1251,"comment_status":"closed","ping_status":"closed","sticky":false,"template":"","format":"standard","meta":{"footnotes":""},"categories":[10],"tags":[],"class_list":["post-1397","post","type-post","status-publish","format-standard","has-post-thumbnail","hentry","category-auteur"],"_links":{"self":[{"href":"https:\/\/www.arbre-vengeur.fr\/index.php?rest_route=\/wp\/v2\/posts\/1397","targetHints":{"allow":["GET"]}}],"collection":[{"href":"https:\/\/www.arbre-vengeur.fr\/index.php?rest_route=\/wp\/v2\/posts"}],"about":[{"href":"https:\/\/www.arbre-vengeur.fr\/index.php?rest_route=\/wp\/v2\/types\/post"}],"author":[{"embeddable":true,"href":"https:\/\/www.arbre-vengeur.fr\/index.php?rest_route=\/wp\/v2\/users\/5"}],"replies":[{"embeddable":true,"href":"https:\/\/www.arbre-vengeur.fr\/index.php?rest_route=%2Fwp%2Fv2%2Fcomments&post=1397"}],"version-history":[{"count":1,"href":"https:\/\/www.arbre-vengeur.fr\/index.php?rest_route=\/wp\/v2\/posts\/1397\/revisions"}],"predecessor-version":[{"id":1398,"href":"https:\/\/www.arbre-vengeur.fr\/index.php?rest_route=\/wp\/v2\/posts\/1397\/revisions\/1398"}],"wp:featuredmedia":[{"embeddable":true,"href":"https:\/\/www.arbre-vengeur.fr\/index.php?rest_route=\/wp\/v2\/media\/1251"}],"wp:attachment":[{"href":"https:\/\/www.arbre-vengeur.fr\/index.php?rest_route=%2Fwp%2Fv2%2Fmedia&parent=1397"}],"wp:term":[{"taxonomy":"category","embeddable":true,"href":"https:\/\/www.arbre-vengeur.fr\/index.php?rest_route=%2Fwp%2Fv2%2Fcategories&post=1397"},{"taxonomy":"post_tag","embeddable":true,"href":"https:\/\/www.arbre-vengeur.fr\/index.php?rest_route=%2Fwp%2Fv2%2Ftags&post=1397"}],"curies":[{"name":"wp","href":"https:\/\/api.w.org\/{rel}","templated":true}]}}