{"id":1436,"date":"2013-11-26T12:54:22","date_gmt":"2013-11-26T11:54:22","guid":{"rendered":"http:\/\/localhost:8888\/arbrev4\/?p=1436"},"modified":"2016-09-06T22:12:10","modified_gmt":"2016-09-06T21:12:10","slug":"mallard-alain-paul","status":"publish","type":"post","link":"https:\/\/www.arbre-vengeur.fr\/?p=1436","title":{"rendered":"Mallard, Alain-Paul"},"content":{"rendered":"<p>Alain-Paul Mallard est n\u00e9 \u00e0 Mexico en 1970. La l\u00e9gende familiale veut que son nom provienne d\u2019un militaire de l\u2019exp\u00e9dition fran\u00e7aise au Mexique qui se serait \u00e9gar\u00e9 sur les rives du fleuve Papaloapan dans le sud du Veracruz. Ecrivain et cin\u00e9aste \u2014il a \u00e9t\u00e9 form\u00e9 \u00e0 la FEMIS \u00e0 Paris\u2014 il est l\u2019auteur de deux livres\u00a0singuliers : <em>Evocaci\u00f3n de Matthias Stimmberg<\/em> (L&#8217;Arbre vengeur, 2015) et <em>Recels<\/em> (L\u2019Arbre vengeur, 2009). Le cis\u00e8lement extr\u00eame de ses fictions et de ses textes \u00e0 la fronti\u00e8re, pour certains, entre la nouvelle et l\u2019essai, lui a valu l\u2019\u00e9loge de Pierre Michon dont il admire les Vies minuscules. Il partage sa vie entre cin\u00e9ma et \u00e9criture. L\u2019enseignement de la r\u00e9alisation et de la narration cin\u00e9matographique documentaire l\u2019a derni\u00e8rement conduit, pour son bonheur, dans diff\u00e9rents pays d\u2019Afrique et d\u2019Am\u00e9rique latine. Nul doute que sa curiosit\u00e9, l\u2019attention aigu\u00eb qu\u2019il porte aux d\u00e9tails et recoins du r\u00e9el vaudront bient\u00f4t \u00e0 ses lecteurs des livres, toujours \u00e9tonnants, sur ces s\u00e9jours.<\/p>\n<p>Il vit actuellement en Espagne.<\/p>\n","protected":false},"excerpt":{"rendered":"<p>Alain-Paul Mallard est n\u00e9 \u00e0 Mexico en 1970. La l\u00e9gende familiale veut que son nom provienne d\u2019un militaire de l\u2019exp\u00e9dition fran\u00e7aise au Mexique qui se serait \u00e9gar\u00e9 sur les rives du fleuve Papaloapan dans le sud du Veracruz. Ecrivain et cin\u00e9aste \u2014il a \u00e9t\u00e9 form\u00e9 \u00e0 la FEMIS \u00e0 Paris\u2014 il est l\u2019auteur de deux [&hellip;]<\/p>\n","protected":false},"author":5,"featured_media":1287,"comment_status":"closed","ping_status":"closed","sticky":false,"template":"","format":"standard","meta":{"footnotes":""},"categories":[10],"tags":[],"class_list":["post-1436","post","type-post","status-publish","format-standard","has-post-thumbnail","hentry","category-auteur"],"_links":{"self":[{"href":"https:\/\/www.arbre-vengeur.fr\/index.php?rest_route=\/wp\/v2\/posts\/1436","targetHints":{"allow":["GET"]}}],"collection":[{"href":"https:\/\/www.arbre-vengeur.fr\/index.php?rest_route=\/wp\/v2\/posts"}],"about":[{"href":"https:\/\/www.arbre-vengeur.fr\/index.php?rest_route=\/wp\/v2\/types\/post"}],"author":[{"embeddable":true,"href":"https:\/\/www.arbre-vengeur.fr\/index.php?rest_route=\/wp\/v2\/users\/5"}],"replies":[{"embeddable":true,"href":"https:\/\/www.arbre-vengeur.fr\/index.php?rest_route=%2Fwp%2Fv2%2Fcomments&post=1436"}],"version-history":[{"count":6,"href":"https:\/\/www.arbre-vengeur.fr\/index.php?rest_route=\/wp\/v2\/posts\/1436\/revisions"}],"predecessor-version":[{"id":4036,"href":"https:\/\/www.arbre-vengeur.fr\/index.php?rest_route=\/wp\/v2\/posts\/1436\/revisions\/4036"}],"wp:featuredmedia":[{"embeddable":true,"href":"https:\/\/www.arbre-vengeur.fr\/index.php?rest_route=\/wp\/v2\/media\/1287"}],"wp:attachment":[{"href":"https:\/\/www.arbre-vengeur.fr\/index.php?rest_route=%2Fwp%2Fv2%2Fmedia&parent=1436"}],"wp:term":[{"taxonomy":"category","embeddable":true,"href":"https:\/\/www.arbre-vengeur.fr\/index.php?rest_route=%2Fwp%2Fv2%2Fcategories&post=1436"},{"taxonomy":"post_tag","embeddable":true,"href":"https:\/\/www.arbre-vengeur.fr\/index.php?rest_route=%2Fwp%2Fv2%2Ftags&post=1436"}],"curies":[{"name":"wp","href":"https:\/\/api.w.org\/{rel}","templated":true}]}}