{"id":1467,"date":"2013-11-26T13:25:50","date_gmt":"2013-11-26T12:25:50","guid":{"rendered":"http:\/\/localhost:8888\/arbrev4\/?p=1467"},"modified":"2015-02-14T09:27:48","modified_gmt":"2015-02-14T08:27:48","slug":"pourquie-didier","status":"publish","type":"post","link":"https:\/\/www.arbre-vengeur.fr\/?p=1467","title":{"rendered":"Pourqui\u00e9, Didier"},"content":{"rendered":"<p>Didier Pourqui\u00e9\u00a0est n\u00e9 en 1965 \u00e0 Bazas, en Gironde.\u00a0Il est l\u2019auteur de deux romans,\u00a0<em>Ficelles\u00a0<\/em>(Confluences,\u00a02005) et\u00a0<em>Le Jardin d\u2019\u00e9b\u00e8ne\u00a0<\/em>(Confluences, 2007).<\/p>\n<p>De lui-m\u00eame il dit qu\u2019il est \u201cun gar\u00e7on blond \u00e0 la peau\u00a0p\u00e2le, un \u00eatre fr\u00eale et inquiet qui s\u2019est toujours r\u00eav\u00e9 en\u00a0\u00e9ph\u00e8be brun \u00e0 la peau mate, dot\u00e9 d\u2019une charpente solide\u00a0et d\u2019un esprit plein d\u2019assurance\u201d. Agr\u00e9g\u00e9 de lettres\u00a0modernes, il enseigne en classes pr\u00e9paratoires dans un\u00a0lyc\u00e9e r\u00e9put\u00e9 pour ses brillants r\u00e9sultats et, selon la nuit\u00a0qu\u2019il a pass\u00e9e, se voit encore \u201cen imposteur ou en\u00a0adjuvant incontournable des bonnes oeuvres de\u00a0l\u2019\u00c9ducation nationale.\u201d<\/p>\n<p>Il pr\u00e9tend enfin n\u2019avoir qu\u2019une ambition\u00a0: \u00ab\u00a0\u00e9crire des\u00a0romans qui ressemblent le moins possible aux\u00a0pr\u00e9c\u00e9dents.\u00a0\u00bb<\/p>\n<p>Son dernier roman, <em>Nos idoles<\/em>, est paru en 2015 chez Confluences.<\/p>\n","protected":false},"excerpt":{"rendered":"<p>Didier Pourqui\u00e9\u00a0est n\u00e9 en 1965 \u00e0 Bazas, en Gironde.\u00a0Il est l\u2019auteur de deux romans,\u00a0Ficelles\u00a0(Confluences,\u00a02005) et\u00a0Le Jardin d\u2019\u00e9b\u00e8ne\u00a0(Confluences, 2007). De lui-m\u00eame il dit qu\u2019il est \u201cun gar\u00e7on blond \u00e0 la peau\u00a0p\u00e2le, un \u00eatre fr\u00eale et inquiet qui s\u2019est toujours r\u00eav\u00e9 en\u00a0\u00e9ph\u00e8be brun \u00e0 la peau mate, dot\u00e9 d\u2019une charpente solide\u00a0et d\u2019un esprit plein d\u2019assurance\u201d. Agr\u00e9g\u00e9 de [&hellip;]<\/p>\n","protected":false},"author":5,"featured_media":1250,"comment_status":"closed","ping_status":"closed","sticky":false,"template":"","format":"standard","meta":{"footnotes":""},"categories":[10],"tags":[],"class_list":["post-1467","post","type-post","status-publish","format-standard","has-post-thumbnail","hentry","category-auteur"],"_links":{"self":[{"href":"https:\/\/www.arbre-vengeur.fr\/index.php?rest_route=\/wp\/v2\/posts\/1467","targetHints":{"allow":["GET"]}}],"collection":[{"href":"https:\/\/www.arbre-vengeur.fr\/index.php?rest_route=\/wp\/v2\/posts"}],"about":[{"href":"https:\/\/www.arbre-vengeur.fr\/index.php?rest_route=\/wp\/v2\/types\/post"}],"author":[{"embeddable":true,"href":"https:\/\/www.arbre-vengeur.fr\/index.php?rest_route=\/wp\/v2\/users\/5"}],"replies":[{"embeddable":true,"href":"https:\/\/www.arbre-vengeur.fr\/index.php?rest_route=%2Fwp%2Fv2%2Fcomments&post=1467"}],"version-history":[{"count":2,"href":"https:\/\/www.arbre-vengeur.fr\/index.php?rest_route=\/wp\/v2\/posts\/1467\/revisions"}],"predecessor-version":[{"id":3330,"href":"https:\/\/www.arbre-vengeur.fr\/index.php?rest_route=\/wp\/v2\/posts\/1467\/revisions\/3330"}],"wp:featuredmedia":[{"embeddable":true,"href":"https:\/\/www.arbre-vengeur.fr\/index.php?rest_route=\/wp\/v2\/media\/1250"}],"wp:attachment":[{"href":"https:\/\/www.arbre-vengeur.fr\/index.php?rest_route=%2Fwp%2Fv2%2Fmedia&parent=1467"}],"wp:term":[{"taxonomy":"category","embeddable":true,"href":"https:\/\/www.arbre-vengeur.fr\/index.php?rest_route=%2Fwp%2Fv2%2Fcategories&post=1467"},{"taxonomy":"post_tag","embeddable":true,"href":"https:\/\/www.arbre-vengeur.fr\/index.php?rest_route=%2Fwp%2Fv2%2Ftags&post=1467"}],"curies":[{"name":"wp","href":"https:\/\/api.w.org\/{rel}","templated":true}]}}