{"id":1493,"date":"2013-11-26T13:45:59","date_gmt":"2013-11-26T12:45:59","guid":{"rendered":"http:\/\/localhost:8888\/arbrev4\/?p=1493"},"modified":"2013-11-29T18:13:13","modified_gmt":"2013-11-29T17:13:13","slug":"toulet-paul-jean","status":"publish","type":"post","link":"https:\/\/www.arbre-vengeur.fr\/?p=1493","title":{"rendered":"Toulet, Paul-Jean"},"content":{"rendered":"<p>Paul-Jean Toulet<strong>,\u00a0<\/strong>n\u00e9 \u00e0 Pau le 5 juin 1867 et mort \u00e0 Gu\u00e9thary le 6 septembre 1920. Orphelin de m\u00e8re, il grandit dans la vall\u00e9e d\u2019Ossau avant de rejoindre son p\u00e8re \u00e0 l\u2019\u00cele Maurice. Il s\u2019installe \u00e0 Paris en 1898 o\u00f9 sous la tutelle de Willy dont il est un des n\u00e8gres, il se forme et d\u00e9couvre la vie de salons, les mondains et demi-mondains qu\u2019il \u00e9voquera dans\u00a0<em>Mon Amie Nane<\/em>.Il travaille beaucoup et se livre \u00e0 divers exc\u00e8s, dont l\u2019alcool et l\u2019opium. Il collabore \u00e0 de nombreuses revues, dont la Revue critique des id\u00e9es et des livres. De novembre 1902 \u00e0 mai 1903, il effectue un voyage qui le m\u00e8ne jusqu\u2019en Indochine.<\/p>\n<p>Il quitte d\u00e9finitivement Paris en 1912 pour s\u2019installer chez sa soeur, \u00e0 Saint-Loub\u00e8s, pr\u00e8s de Libourne, puis \u00e0 Gu\u00e9thary, o\u00f9 il se marie. Ses derni\u00e8res ann\u00e9es sont assombries par la maladie. Pendant ce temps, un groupe de jeunes po\u00e8tes, dont Francis Carco et Tristan Der\u00e8me, prenant son \u0153uvre en mod\u00e8le, s\u2019intitulent \u00ab po\u00e8tes fantaisistes \u00bb.<\/p>\n<p>Les fameuses\u00a0<em>Contrerimes<\/em>, dispers\u00e9es dans des revues et parfois dans le corps m\u00eame de ses romans, sont r\u00e9unies en 1916, mais ne sont publi\u00e9es que quelques mois apr\u00e8s sa mort.<\/p>\n<p>Elles constituent un des sommets de la po\u00e9sie fran\u00e7aise du d\u00e9but de si\u00e8cle.<\/p>\n","protected":false},"excerpt":{"rendered":"<p>Paul-Jean Toulet,\u00a0n\u00e9 \u00e0 Pau le 5 juin 1867 et mort \u00e0 Gu\u00e9thary le 6 septembre 1920. Orphelin de m\u00e8re, il grandit dans la vall\u00e9e d\u2019Ossau avant de rejoindre son p\u00e8re \u00e0 l\u2019\u00cele Maurice. Il s\u2019installe \u00e0 Paris en 1898 o\u00f9 sous la tutelle de Willy dont il est un des n\u00e8gres, il se forme et [&hellip;]<\/p>\n","protected":false},"author":5,"featured_media":1323,"comment_status":"closed","ping_status":"closed","sticky":false,"template":"","format":"standard","meta":{"footnotes":""},"categories":[10],"tags":[],"class_list":["post-1493","post","type-post","status-publish","format-standard","has-post-thumbnail","hentry","category-auteur"],"_links":{"self":[{"href":"https:\/\/www.arbre-vengeur.fr\/index.php?rest_route=\/wp\/v2\/posts\/1493","targetHints":{"allow":["GET"]}}],"collection":[{"href":"https:\/\/www.arbre-vengeur.fr\/index.php?rest_route=\/wp\/v2\/posts"}],"about":[{"href":"https:\/\/www.arbre-vengeur.fr\/index.php?rest_route=\/wp\/v2\/types\/post"}],"author":[{"embeddable":true,"href":"https:\/\/www.arbre-vengeur.fr\/index.php?rest_route=\/wp\/v2\/users\/5"}],"replies":[{"embeddable":true,"href":"https:\/\/www.arbre-vengeur.fr\/index.php?rest_route=%2Fwp%2Fv2%2Fcomments&post=1493"}],"version-history":[{"count":1,"href":"https:\/\/www.arbre-vengeur.fr\/index.php?rest_route=\/wp\/v2\/posts\/1493\/revisions"}],"predecessor-version":[{"id":1494,"href":"https:\/\/www.arbre-vengeur.fr\/index.php?rest_route=\/wp\/v2\/posts\/1493\/revisions\/1494"}],"wp:featuredmedia":[{"embeddable":true,"href":"https:\/\/www.arbre-vengeur.fr\/index.php?rest_route=\/wp\/v2\/media\/1323"}],"wp:attachment":[{"href":"https:\/\/www.arbre-vengeur.fr\/index.php?rest_route=%2Fwp%2Fv2%2Fmedia&parent=1493"}],"wp:term":[{"taxonomy":"category","embeddable":true,"href":"https:\/\/www.arbre-vengeur.fr\/index.php?rest_route=%2Fwp%2Fv2%2Fcategories&post=1493"},{"taxonomy":"post_tag","embeddable":true,"href":"https:\/\/www.arbre-vengeur.fr\/index.php?rest_route=%2Fwp%2Fv2%2Ftags&post=1493"}],"curies":[{"name":"wp","href":"https:\/\/api.w.org\/{rel}","templated":true}]}}