{"id":1524,"date":"2013-11-26T14:35:21","date_gmt":"2013-11-26T13:35:21","guid":{"rendered":"http:\/\/localhost:8888\/arbrev4\/?p=1524"},"modified":"2021-05-05T13:35:09","modified_gmt":"2021-05-05T12:35:09","slug":"gobineau-de-arthur","status":"publish","type":"post","link":"https:\/\/www.arbre-vengeur.fr\/?p=1524","title":{"rendered":"Gobineau, Arthur de"},"content":{"rendered":"<p>Le (faux) Comte Arthur de Gobineau est n\u00e9 le 14 juillet 1816, un coup du sort pour celui qui s\u2019opposera toute sa vie aux conqu\u00eates de la R\u00e9volution\u2026 Son p\u00e8re, capitaine d\u2019infanterie, est emprisonn\u00e9 un temps pour sympathies l\u00e9gitimistes\u2009; sa m\u00e8re, condamn\u00e9e pour escroquerie, s\u2019exile en Suisse alors qu\u2019il a 13 ans. Renvoy\u00e9 du coll\u00e8ge militaire o\u00f9 il est plac\u00e9 pour indiscipline, il commence sa vie avec de l\u2019ambition mais sans fortune, et ce ne sont ni le m\u00e9tier d\u2019ambassadeur, ni son \u0153uvre litt\u00e9raire, \u00e0 peu pr\u00e8s unanimement d\u00e9daign\u00e9e, qui la lui apporteront. Toute sa vie, Gobineau a \u00e9crit. Des romans-feuilletons, o\u00f9 il passe tellement de temps \u00e0 se moquer des proc\u00e9d\u00e9s du genre qu\u2019il lui faut mille pages pour faire un peu progresser l\u2019action\u2009; de la po\u00e9sie\u2009; de l\u2019histoire\u2009; des r\u00e9cits de voyage\u2009; un&nbsp;<em>Essai sur l\u2019in\u00e9galit\u00e9 des races<\/em>&nbsp;qui scandalisera longtemps\u2009; de l\u2019histoire des religions\u2009; de la philologie. Plus un roman ultra c\u00e9l\u00e8bre,&nbsp;<em>Les Pl\u00e9iades<\/em>\u2026 et quelques nouvelles de toute beaut\u00e9.<\/p>\n<p>Pourtant, en 1882, Gobineau meurt ignor\u00e9.<\/p>\n","protected":false},"excerpt":{"rendered":"<p>Le (faux) Comte Arthur de Gobineau est n\u00e9 le 14 juillet 1816, un coup du sort pour celui qui s\u2019opposera toute sa vie aux conqu\u00eates de la R\u00e9volution\u2026 Son p\u00e8re, capitaine d\u2019infanterie, est emprisonn\u00e9 un temps pour sympathies l\u00e9gitimistes\u2009; sa m\u00e8re, condamn\u00e9e pour escroquerie, s\u2019exile en Suisse alors qu\u2019il a 13 ans. Renvoy\u00e9 du coll\u00e8ge [&hellip;]<\/p>\n","protected":false},"author":5,"featured_media":1261,"comment_status":"closed","ping_status":"closed","sticky":false,"template":"","format":"standard","meta":{"footnotes":""},"categories":[10],"tags":[],"class_list":["post-1524","post","type-post","status-publish","format-standard","has-post-thumbnail","hentry","category-auteur"],"_links":{"self":[{"href":"https:\/\/www.arbre-vengeur.fr\/index.php?rest_route=\/wp\/v2\/posts\/1524","targetHints":{"allow":["GET"]}}],"collection":[{"href":"https:\/\/www.arbre-vengeur.fr\/index.php?rest_route=\/wp\/v2\/posts"}],"about":[{"href":"https:\/\/www.arbre-vengeur.fr\/index.php?rest_route=\/wp\/v2\/types\/post"}],"author":[{"embeddable":true,"href":"https:\/\/www.arbre-vengeur.fr\/index.php?rest_route=\/wp\/v2\/users\/5"}],"replies":[{"embeddable":true,"href":"https:\/\/www.arbre-vengeur.fr\/index.php?rest_route=%2Fwp%2Fv2%2Fcomments&post=1524"}],"version-history":[{"count":2,"href":"https:\/\/www.arbre-vengeur.fr\/index.php?rest_route=\/wp\/v2\/posts\/1524\/revisions"}],"predecessor-version":[{"id":7336,"href":"https:\/\/www.arbre-vengeur.fr\/index.php?rest_route=\/wp\/v2\/posts\/1524\/revisions\/7336"}],"wp:featuredmedia":[{"embeddable":true,"href":"https:\/\/www.arbre-vengeur.fr\/index.php?rest_route=\/wp\/v2\/media\/1261"}],"wp:attachment":[{"href":"https:\/\/www.arbre-vengeur.fr\/index.php?rest_route=%2Fwp%2Fv2%2Fmedia&parent=1524"}],"wp:term":[{"taxonomy":"category","embeddable":true,"href":"https:\/\/www.arbre-vengeur.fr\/index.php?rest_route=%2Fwp%2Fv2%2Fcategories&post=1524"},{"taxonomy":"post_tag","embeddable":true,"href":"https:\/\/www.arbre-vengeur.fr\/index.php?rest_route=%2Fwp%2Fv2%2Ftags&post=1524"}],"curies":[{"name":"wp","href":"https:\/\/api.w.org\/{rel}","templated":true}]}}