{"id":1540,"date":"2013-11-26T14:46:46","date_gmt":"2013-11-26T13:46:46","guid":{"rendered":"http:\/\/localhost:8888\/arbrev4\/?p=1540"},"modified":"2013-11-26T14:46:46","modified_gmt":"2013-11-26T13:46:46","slug":"fourre-maurice","status":"publish","type":"post","link":"https:\/\/www.arbre-vengeur.fr\/?p=1540","title":{"rendered":"Fourr\u00e9, Maurice"},"content":{"rendered":"<p>Maurice Fourr\u00e9 (1876-1959) publie son premier livre en 1950, \u00e0 l\u2019\u00e2ge de soixante-quatorze ans, gr\u00e2ce \u00e0 Julien Gracq\u202f:\u00a0<em>La nuit du Rose-H\u00f4tel<\/em>\u00a0inaugure ainsi la collection d\u2019Andr\u00e9 Breton \u201cR\u00e9v\u00e9lation\u201d dont il restera le seul auteur\u2026 Roman-po\u00e8me \u00e0 la tonalit\u00e9 \u00e9rotique, il suscite un accueil enthousiaste de Gaston Bachelard et Jean Cocteau, mais est boud\u00e9 par le public.<\/p>\n<p>D\u00e9contenanc\u00e9, Fourr\u00e9 trouvera n\u00e9anmoins le moyen d\u2019\u00e9crire encore trois romans (et d\u2019en envisager un cinqui\u00e8me) avant sa mort. Para\u00eet ainsi en 1955, toujours chez Gallimard,\u00a0<em>La Marraine du Sel<\/em>, salu\u00e9 avec ferveur par le tout jeune Michel Butor. Le troisi\u00e8me,\u00a0<em>T\u00eate-de-N\u00e8gre<\/em>, ne para\u00eetra qu\u2019en 1960, \u00e0 titre posthume.<br \/>\nEt il faudra attendre plusieurs ann\u00e9es pour que soit publi\u00e9 le dernier,\u00a0<em>Le Cam\u00e9l\u00e9on mystique<\/em>, en 1981.<\/p>\n<p>\u00ab Son \u0153uvre est prise dans ses gloires. Elle est de celles qu\u2019on red\u00e9couvrira \u00bb tranchera Andr\u00e9 Breton, en apprenant la mort de son ancienne \u201cr\u00e9v\u00e9lation\u201d.<\/p>\n<p>&nbsp;<\/p>\n<p><em>\u00ab\u202fLa confiserie que nous tend Fourr\u00e9 est semblable \u00e0 celle que fabriquent les Mexicains pour leur carnaval, tout enti\u00e8re de sucre scintillant mais ayant la forme d\u2019un cr\u00e2ne.\u202f\u00bb\u00a0<\/em><\/p>\n<p style=\"text-align: right;\">Michel Butor<\/p>\n","protected":false},"excerpt":{"rendered":"<p>Maurice Fourr\u00e9 (1876-1959) publie son premier livre en 1950, \u00e0 l\u2019\u00e2ge de soixante-quatorze ans, gr\u00e2ce \u00e0 Julien Gracq\u202f:\u00a0La nuit du Rose-H\u00f4tel\u00a0inaugure ainsi la collection d\u2019Andr\u00e9 Breton \u201cR\u00e9v\u00e9lation\u201d dont il restera le seul auteur\u2026 Roman-po\u00e8me \u00e0 la tonalit\u00e9 \u00e9rotique, il suscite un accueil enthousiaste de Gaston Bachelard et Jean Cocteau, mais est boud\u00e9 par le public. [&hellip;]<\/p>\n","protected":false},"author":5,"featured_media":1303,"comment_status":"closed","ping_status":"closed","sticky":false,"template":"","format":"standard","meta":{"footnotes":""},"categories":[10],"tags":[],"class_list":["post-1540","post","type-post","status-publish","format-standard","has-post-thumbnail","hentry","category-auteur"],"_links":{"self":[{"href":"https:\/\/www.arbre-vengeur.fr\/index.php?rest_route=\/wp\/v2\/posts\/1540","targetHints":{"allow":["GET"]}}],"collection":[{"href":"https:\/\/www.arbre-vengeur.fr\/index.php?rest_route=\/wp\/v2\/posts"}],"about":[{"href":"https:\/\/www.arbre-vengeur.fr\/index.php?rest_route=\/wp\/v2\/types\/post"}],"author":[{"embeddable":true,"href":"https:\/\/www.arbre-vengeur.fr\/index.php?rest_route=\/wp\/v2\/users\/5"}],"replies":[{"embeddable":true,"href":"https:\/\/www.arbre-vengeur.fr\/index.php?rest_route=%2Fwp%2Fv2%2Fcomments&post=1540"}],"version-history":[{"count":1,"href":"https:\/\/www.arbre-vengeur.fr\/index.php?rest_route=\/wp\/v2\/posts\/1540\/revisions"}],"predecessor-version":[{"id":1543,"href":"https:\/\/www.arbre-vengeur.fr\/index.php?rest_route=\/wp\/v2\/posts\/1540\/revisions\/1543"}],"wp:featuredmedia":[{"embeddable":true,"href":"https:\/\/www.arbre-vengeur.fr\/index.php?rest_route=\/wp\/v2\/media\/1303"}],"wp:attachment":[{"href":"https:\/\/www.arbre-vengeur.fr\/index.php?rest_route=%2Fwp%2Fv2%2Fmedia&parent=1540"}],"wp:term":[{"taxonomy":"category","embeddable":true,"href":"https:\/\/www.arbre-vengeur.fr\/index.php?rest_route=%2Fwp%2Fv2%2Fcategories&post=1540"},{"taxonomy":"post_tag","embeddable":true,"href":"https:\/\/www.arbre-vengeur.fr\/index.php?rest_route=%2Fwp%2Fv2%2Ftags&post=1540"}],"curies":[{"name":"wp","href":"https:\/\/api.w.org\/{rel}","templated":true}]}}