{"id":1552,"date":"2013-11-26T14:54:13","date_gmt":"2013-11-26T13:54:13","guid":{"rendered":"http:\/\/localhost:8888\/arbrev4\/?p=1552"},"modified":"2017-11-04T19:10:24","modified_gmt":"2017-11-04T18:10:24","slug":"duperray-jean","status":"publish","type":"post","link":"https:\/\/www.arbre-vengeur.fr\/?p=1552","title":{"rendered":"Duperray, Jean"},"content":{"rendered":"<p>Syndicaliste r\u00e9volutionnaire et ami st\u00e9phanois de la philosophe\u00a0Simone Weil,\u00a0Jean Duperray<strong>\u00a0<\/strong>(1910-1993) fut le romancier\u00a0noueux du fait divers et de l\u2019\u00e9nergie populaire. N\u00e9 en 1910, fils\u00a0d\u2019un instituteur et d\u2019une couturi\u00e8re, il est un digne enfant de la\u00a0Sociale, un hussard rouge et noir de la R\u00e9publique. Parti pour\u00a0suivre le mod\u00e8le paternel, il d\u00e9couvre la litt\u00e9rature\u00a0r\u00e9volutionnaire et s\u2019encarte \u00e0 l\u2019Union g\u00e9n\u00e9rale des \u00e9tudiants.<\/p>\n<p>Au d\u00e9but des ann\u00e9es 1930, il est nomm\u00e9 instituteur \u00e0 La\u00a0Talaudi\u00e8re dans la Loire \u2014 un de ces territoires de charbon\u00a0dont Jacques Chauvir\u00e9 a dit la terrible tristesse \u2014, il rejoint la\u00a0r\u00e9daction de la revue <em>R\u00e9volution prol\u00e9tarienne\u00a0<\/em>et s\u2019engage dans\u00a0le combat syndical et la R\u00e9sistance. En 1965, retraite atteinte, il\u00a0se consacre \u00e0 des \u00e9tudes sur le roman populaire, correspond\u00a0avec Marcel Allain, le cr\u00e9ateur de Fant\u00f4mas, et collabore \u00e0 la\u00a0<em>Tour de feu<\/em>, la revue de Pierre Boujut. En 1972, des probl\u00e8mes\u00a0oculaires entravent son travail jusqu\u2019\u00e0 sa disparition en 1993.<\/p>\n<p>\u00c0 son actif une\u00a0<em><strong>Histoire fantastique et merveilleuse de Dora\u00a0<\/strong><em><strong>Providence<\/strong>\u00a0<\/em><\/em>(1951), \u201croman kal\u00e9idoscope\u201d qui avait attir\u00e9\u00a0l\u2019attention d\u2019Andr\u00e9 Breton \u2013 lequel aurait bien pu voir en lui un\u00a0fr\u00e8re de <a title=\"Fourr\u00e9, Maurice\" href=\"https:\/\/www.arbre-vengeur.fr\/?p=1540\"><strong>Maurice Fourr\u00e9<\/strong><\/a> ( r\u00e9\u00e9dit\u00e9 \u00e0 L\u2019Arbre vengeur)\u00a0\u2013 et o\u00f9 se lit l\u2019influence de Fant\u00f4mas, ces fameux\u00a0<strong><em><a title=\"Harengs frits au\u00a0sang\" href=\"https:\/\/www.arbre-vengeur.fr\/?p=810\">Harengs frits\u00a0au sang<\/a><\/em><\/strong>\u00a0(1954), qui obtient le Grand Prix de l\u2019Humour noir en 1955,\u00a0et\u00a0<strong><em>L\u2019Homme qui vit dispara\u00eetre la Tour Eiffel\u00a0<\/em><\/strong>(1976) o\u00f9 l\u2019on\u00a0retrouve un surr\u00e9alisme aussi fantasque et color\u00e9 que celui de\u00a0Robert Desnos.<\/p>\n","protected":false},"excerpt":{"rendered":"<p>Syndicaliste r\u00e9volutionnaire et ami st\u00e9phanois de la philosophe\u00a0Simone Weil,\u00a0Jean Duperray\u00a0(1910-1993) fut le romancier\u00a0noueux du fait divers et de l\u2019\u00e9nergie populaire. N\u00e9 en 1910, fils\u00a0d\u2019un instituteur et d\u2019une couturi\u00e8re, il est un digne enfant de la\u00a0Sociale, un hussard rouge et noir de la R\u00e9publique. Parti pour\u00a0suivre le mod\u00e8le paternel, il d\u00e9couvre la litt\u00e9rature\u00a0r\u00e9volutionnaire et s\u2019encarte \u00e0 [&hellip;]<\/p>\n","protected":false},"author":5,"featured_media":1302,"comment_status":"closed","ping_status":"closed","sticky":false,"template":"","format":"standard","meta":{"footnotes":""},"categories":[10],"tags":[],"class_list":["post-1552","post","type-post","status-publish","format-standard","has-post-thumbnail","hentry","category-auteur"],"_links":{"self":[{"href":"https:\/\/www.arbre-vengeur.fr\/index.php?rest_route=\/wp\/v2\/posts\/1552","targetHints":{"allow":["GET"]}}],"collection":[{"href":"https:\/\/www.arbre-vengeur.fr\/index.php?rest_route=\/wp\/v2\/posts"}],"about":[{"href":"https:\/\/www.arbre-vengeur.fr\/index.php?rest_route=\/wp\/v2\/types\/post"}],"author":[{"embeddable":true,"href":"https:\/\/www.arbre-vengeur.fr\/index.php?rest_route=\/wp\/v2\/users\/5"}],"replies":[{"embeddable":true,"href":"https:\/\/www.arbre-vengeur.fr\/index.php?rest_route=%2Fwp%2Fv2%2Fcomments&post=1552"}],"version-history":[{"count":3,"href":"https:\/\/www.arbre-vengeur.fr\/index.php?rest_route=\/wp\/v2\/posts\/1552\/revisions"}],"predecessor-version":[{"id":4702,"href":"https:\/\/www.arbre-vengeur.fr\/index.php?rest_route=\/wp\/v2\/posts\/1552\/revisions\/4702"}],"wp:featuredmedia":[{"embeddable":true,"href":"https:\/\/www.arbre-vengeur.fr\/index.php?rest_route=\/wp\/v2\/media\/1302"}],"wp:attachment":[{"href":"https:\/\/www.arbre-vengeur.fr\/index.php?rest_route=%2Fwp%2Fv2%2Fmedia&parent=1552"}],"wp:term":[{"taxonomy":"category","embeddable":true,"href":"https:\/\/www.arbre-vengeur.fr\/index.php?rest_route=%2Fwp%2Fv2%2Fcategories&post=1552"},{"taxonomy":"post_tag","embeddable":true,"href":"https:\/\/www.arbre-vengeur.fr\/index.php?rest_route=%2Fwp%2Fv2%2Ftags&post=1552"}],"curies":[{"name":"wp","href":"https:\/\/api.w.org\/{rel}","templated":true}]}}