{"id":1593,"date":"2013-11-27T06:59:25","date_gmt":"2013-11-27T05:59:25","guid":{"rendered":"http:\/\/localhost:8888\/arbrev4\/?p=1593"},"modified":"2013-11-27T06:59:25","modified_gmt":"2013-11-27T05:59:25","slug":"prudhomme-david","status":"publish","type":"post","link":"https:\/\/www.arbre-vengeur.fr\/?p=1593","title":{"rendered":"<span class=\"illus\">Prudhomme, David<\/span>"},"content":{"rendered":"<p>David Prudhomme vit \u00e0 Bordeaux. \u00c0 son actif r\u00e9cent, l\u2019adaptation du roman de Brassens\u00a0<em>La Tour des Miracles<\/em>\u00a0(avec Etienne Davaudeau, chez Futuropolis), l\u2019album\u00a0<em>La marie en plastique<\/em>\u00a0(avec Pascal Rabat\u00e9, toujours chez Futuropolis), prim\u00e9 \u201cEssentiel\u201d au festival de la bande dessin\u00e9e d\u2019Angoul\u00eame en 2008 et \u201cRebetiko\u201d, prim\u00e9 lui-aussi \u00e0 Angoul\u00eame, mais aussi \u00e0 St Malo et Monaco.<\/p>\n","protected":false},"excerpt":{"rendered":"<p>David Prudhomme vit \u00e0 Bordeaux. \u00c0 son actif r\u00e9cent, l\u2019adaptation du roman de Brassens\u00a0La Tour des Miracles\u00a0(avec Etienne Davaudeau, chez Futuropolis), l\u2019album\u00a0La marie en plastique\u00a0(avec Pascal Rabat\u00e9, toujours chez Futuropolis), prim\u00e9 \u201cEssentiel\u201d au festival de la bande dessin\u00e9e d\u2019Angoul\u00eame en 2008 et \u201cRebetiko\u201d, prim\u00e9 lui-aussi \u00e0 Angoul\u00eame, mais aussi \u00e0 St Malo et Monaco.<\/p>\n","protected":false},"author":5,"featured_media":1309,"comment_status":"closed","ping_status":"closed","sticky":false,"template":"","format":"standard","meta":{"footnotes":""},"categories":[10],"tags":[],"class_list":["post-1593","post","type-post","status-publish","format-standard","has-post-thumbnail","hentry","category-auteur"],"_links":{"self":[{"href":"https:\/\/www.arbre-vengeur.fr\/index.php?rest_route=\/wp\/v2\/posts\/1593","targetHints":{"allow":["GET"]}}],"collection":[{"href":"https:\/\/www.arbre-vengeur.fr\/index.php?rest_route=\/wp\/v2\/posts"}],"about":[{"href":"https:\/\/www.arbre-vengeur.fr\/index.php?rest_route=\/wp\/v2\/types\/post"}],"author":[{"embeddable":true,"href":"https:\/\/www.arbre-vengeur.fr\/index.php?rest_route=\/wp\/v2\/users\/5"}],"replies":[{"embeddable":true,"href":"https:\/\/www.arbre-vengeur.fr\/index.php?rest_route=%2Fwp%2Fv2%2Fcomments&post=1593"}],"version-history":[{"count":1,"href":"https:\/\/www.arbre-vengeur.fr\/index.php?rest_route=\/wp\/v2\/posts\/1593\/revisions"}],"predecessor-version":[{"id":1594,"href":"https:\/\/www.arbre-vengeur.fr\/index.php?rest_route=\/wp\/v2\/posts\/1593\/revisions\/1594"}],"wp:featuredmedia":[{"embeddable":true,"href":"https:\/\/www.arbre-vengeur.fr\/index.php?rest_route=\/wp\/v2\/media\/1309"}],"wp:attachment":[{"href":"https:\/\/www.arbre-vengeur.fr\/index.php?rest_route=%2Fwp%2Fv2%2Fmedia&parent=1593"}],"wp:term":[{"taxonomy":"category","embeddable":true,"href":"https:\/\/www.arbre-vengeur.fr\/index.php?rest_route=%2Fwp%2Fv2%2Fcategories&post=1593"},{"taxonomy":"post_tag","embeddable":true,"href":"https:\/\/www.arbre-vengeur.fr\/index.php?rest_route=%2Fwp%2Fv2%2Ftags&post=1593"}],"curies":[{"name":"wp","href":"https:\/\/api.w.org\/{rel}","templated":true}]}}