{"id":1805,"date":"2013-03-08T21:29:50","date_gmt":"2013-03-08T20:29:50","guid":{"rendered":"http:\/\/localhost:8888\/arbrev4\/?p=1805"},"modified":"2013-11-30T21:32:03","modified_gmt":"2013-11-30T20:32:03","slug":"arnaud-legrand-tout-neuf-dans-son-atelier","status":"publish","type":"post","link":"https:\/\/www.arbre-vengeur.fr\/?p=1805","title":{"rendered":"Arnaud Legrand tout neuf dans son Atelier"},"content":{"rendered":"<p>La Librairie L\u2019Atelier 9 accueillera le vendredi\u00a0<strong>22 mars<\/strong>\u00a0prochain\u00a0<strong>Arnaud Legrand<\/strong>\u00a0\u00e0 l\u2019occasion de la parution de son livre\u00a0<em><strong>Sans-suite\u00a0<\/strong><\/em><strong>suivi de<\/strong><em><strong>\u00a0Rien<\/strong><\/em>\u00a0illustr\u00e9 par\u00a0Ludovic Debeurme. La d\u00e9dicace aura lieu \u00e0 partir de 17h et sera suivi d\u2019un petit coup \u00e0 boire et d\u2019un brin de musique \u00e0 18h30 avec l\u2019auteur (voix\/contrebasse) accompagn\u00e9 du bois tiss\u00e9, perc\u00e9 et tendu de Jean-Pascal Carmignac (oud\u2019), Bruno Courtin (clarinette basse\/cornet \u00e0 bouquin) et Juan Manuel Parades (percussions). \u00c7a va swinguer \u00e0 L\u2019Atelier 9 qui est au 59, rue des Martyrs dans le IX\u00b0.<\/p>\n","protected":false},"excerpt":{"rendered":"<p>La Librairie L\u2019Atelier 9 accueillera le vendredi\u00a022 mars\u00a0prochain\u00a0Arnaud Legrand\u00a0\u00e0 l\u2019occasion de la parution de son livre\u00a0Sans-suite\u00a0suivi de\u00a0Rien\u00a0illustr\u00e9 par\u00a0Ludovic Debeurme. La d\u00e9dicace aura lieu \u00e0 partir de 17h et sera suivi d\u2019un petit coup \u00e0 boire et d\u2019un brin de musique \u00e0 18h30 avec l\u2019auteur (voix\/contrebasse) accompagn\u00e9 du bois tiss\u00e9, perc\u00e9 et tendu de Jean-Pascal Carmignac [&hellip;]<\/p>\n","protected":false},"author":5,"featured_media":1812,"comment_status":"closed","ping_status":"closed","sticky":false,"template":"","format":"standard","meta":{"footnotes":""},"categories":[9],"tags":[],"class_list":["post-1805","post","type-post","status-publish","format-standard","has-post-thumbnail","hentry","category-actu"],"_links":{"self":[{"href":"https:\/\/www.arbre-vengeur.fr\/index.php?rest_route=\/wp\/v2\/posts\/1805","targetHints":{"allow":["GET"]}}],"collection":[{"href":"https:\/\/www.arbre-vengeur.fr\/index.php?rest_route=\/wp\/v2\/posts"}],"about":[{"href":"https:\/\/www.arbre-vengeur.fr\/index.php?rest_route=\/wp\/v2\/types\/post"}],"author":[{"embeddable":true,"href":"https:\/\/www.arbre-vengeur.fr\/index.php?rest_route=\/wp\/v2\/users\/5"}],"replies":[{"embeddable":true,"href":"https:\/\/www.arbre-vengeur.fr\/index.php?rest_route=%2Fwp%2Fv2%2Fcomments&post=1805"}],"version-history":[{"count":3,"href":"https:\/\/www.arbre-vengeur.fr\/index.php?rest_route=\/wp\/v2\/posts\/1805\/revisions"}],"predecessor-version":[{"id":1815,"href":"https:\/\/www.arbre-vengeur.fr\/index.php?rest_route=\/wp\/v2\/posts\/1805\/revisions\/1815"}],"wp:featuredmedia":[{"embeddable":true,"href":"https:\/\/www.arbre-vengeur.fr\/index.php?rest_route=\/wp\/v2\/media\/1812"}],"wp:attachment":[{"href":"https:\/\/www.arbre-vengeur.fr\/index.php?rest_route=%2Fwp%2Fv2%2Fmedia&parent=1805"}],"wp:term":[{"taxonomy":"category","embeddable":true,"href":"https:\/\/www.arbre-vengeur.fr\/index.php?rest_route=%2Fwp%2Fv2%2Fcategories&post=1805"},{"taxonomy":"post_tag","embeddable":true,"href":"https:\/\/www.arbre-vengeur.fr\/index.php?rest_route=%2Fwp%2Fv2%2Ftags&post=1805"}],"curies":[{"name":"wp","href":"https:\/\/api.w.org\/{rel}","templated":true}]}}