{"id":1806,"date":"2013-03-10T21:30:59","date_gmt":"2013-03-10T20:30:59","guid":{"rendered":"http:\/\/localhost:8888\/arbrev4\/?p=1806"},"modified":"2013-11-30T21:31:11","modified_gmt":"2013-11-30T20:31:11","slug":"une-belle-plante-au-salon","status":"publish","type":"post","link":"https:\/\/www.arbre-vengeur.fr\/?p=1806","title":{"rendered":"Une belle plante au Salon"},"content":{"rendered":"<p>Comme chaque ann\u00e9e, L\u2019Arbre vengeur d\u00e9ploiera ses branches au Salon du Livre de Paris Porte de Versailles \u00e0 partir du jeudi 21 mars et jusqu\u2019au lundi suivant. Nos fid\u00e8les pourront y d\u00e9couvrir nos nouveaut\u00e9s. Nos marque-pages sortiront de leurs cartons pour le plus grand plaisir des collectionneurs qui n\u2019ont souvent jamais lu un seul de nos livres. Vous pourrez y croiser nos auteurs, les pass\u00e9s, les pr\u00e9sents voire les futurs. Ce sera l\u2019occasion pour nous, de vive voix, de faire le vibrant \u00e9loge de notre propre production sur laquelle nous sommes intarissables. Rendez-vous donc tr\u00e8s bient\u00f4t sur le stand Aquitaine.<\/p>\n","protected":false},"excerpt":{"rendered":"<p>Comme chaque ann\u00e9e, L\u2019Arbre vengeur d\u00e9ploiera ses branches au Salon du Livre de Paris Porte de Versailles \u00e0 partir du jeudi 21 mars et jusqu\u2019au lundi suivant. Nos fid\u00e8les pourront y d\u00e9couvrir nos nouveaut\u00e9s. Nos marque-pages sortiront de leurs cartons pour le plus grand plaisir des collectionneurs qui n\u2019ont souvent jamais lu un seul de [&hellip;]<\/p>\n","protected":false},"author":5,"featured_media":1810,"comment_status":"closed","ping_status":"closed","sticky":false,"template":"","format":"standard","meta":{"footnotes":""},"categories":[9],"tags":[],"class_list":["post-1806","post","type-post","status-publish","format-standard","has-post-thumbnail","hentry","category-actu"],"_links":{"self":[{"href":"https:\/\/www.arbre-vengeur.fr\/index.php?rest_route=\/wp\/v2\/posts\/1806","targetHints":{"allow":["GET"]}}],"collection":[{"href":"https:\/\/www.arbre-vengeur.fr\/index.php?rest_route=\/wp\/v2\/posts"}],"about":[{"href":"https:\/\/www.arbre-vengeur.fr\/index.php?rest_route=\/wp\/v2\/types\/post"}],"author":[{"embeddable":true,"href":"https:\/\/www.arbre-vengeur.fr\/index.php?rest_route=\/wp\/v2\/users\/5"}],"replies":[{"embeddable":true,"href":"https:\/\/www.arbre-vengeur.fr\/index.php?rest_route=%2Fwp%2Fv2%2Fcomments&post=1806"}],"version-history":[{"count":1,"href":"https:\/\/www.arbre-vengeur.fr\/index.php?rest_route=\/wp\/v2\/posts\/1806\/revisions"}],"predecessor-version":[{"id":1811,"href":"https:\/\/www.arbre-vengeur.fr\/index.php?rest_route=\/wp\/v2\/posts\/1806\/revisions\/1811"}],"wp:featuredmedia":[{"embeddable":true,"href":"https:\/\/www.arbre-vengeur.fr\/index.php?rest_route=\/wp\/v2\/media\/1810"}],"wp:attachment":[{"href":"https:\/\/www.arbre-vengeur.fr\/index.php?rest_route=%2Fwp%2Fv2%2Fmedia&parent=1806"}],"wp:term":[{"taxonomy":"category","embeddable":true,"href":"https:\/\/www.arbre-vengeur.fr\/index.php?rest_route=%2Fwp%2Fv2%2Fcategories&post=1806"},{"taxonomy":"post_tag","embeddable":true,"href":"https:\/\/www.arbre-vengeur.fr\/index.php?rest_route=%2Fwp%2Fv2%2Ftags&post=1806"}],"curies":[{"name":"wp","href":"https:\/\/api.w.org\/{rel}","templated":true}]}}