{"id":2110,"date":"2011-04-11T13:00:02","date_gmt":"2011-04-11T12:00:02","guid":{"rendered":"http:\/\/localhost:8888\/arbrev4\/?p=2110"},"modified":"2013-12-03T13:01:53","modified_gmt":"2013-12-03T12:01:53","slug":"pris-au-vol","status":"publish","type":"post","link":"https:\/\/www.arbre-vengeur.fr\/?p=2110","title":{"rendered":"Pris au vol"},"content":{"rendered":"<p>Attrap\u00e9 au vol par de jeunes journalistes volants, l\u2019Arbre vengeur enracin\u00e9 sur son stand appara\u00eet dans cet \u00e9tonnant panorama du dernier Salon du Livre de Paris. Six minutes et quelques de visite par la bande d\u2019une manifestation vue par l\u2019\u0153il d\u2019un<strong>\u00a0<a href=\"http:\/\/www.youtube.com\/watch?v=8Z6xuNJ-t_g&amp;feature=player_embedded\" target=\"_blank\">IN-SECT.tv<\/a><\/strong>. \u00c7a nous change des journaux t\u00e9l\u00e9vis\u00e9s.<\/p>\n<p>&nbsp;<\/p>\n","protected":false},"excerpt":{"rendered":"<p>Attrap\u00e9 au vol par de jeunes journalistes volants, l\u2019Arbre vengeur enracin\u00e9 sur son stand appara\u00eet dans cet \u00e9tonnant panorama du dernier Salon du Livre de Paris. Six minutes et quelques de visite par la bande d\u2019une manifestation vue par l\u2019\u0153il d\u2019un\u00a0IN-SECT.tv. \u00c7a nous change des journaux t\u00e9l\u00e9vis\u00e9s. &nbsp;<\/p>\n","protected":false},"author":5,"featured_media":2116,"comment_status":"closed","ping_status":"closed","sticky":false,"template":"","format":"standard","meta":{"footnotes":""},"categories":[9],"tags":[],"class_list":["post-2110","post","type-post","status-publish","format-standard","has-post-thumbnail","hentry","category-actu"],"_links":{"self":[{"href":"https:\/\/www.arbre-vengeur.fr\/index.php?rest_route=\/wp\/v2\/posts\/2110","targetHints":{"allow":["GET"]}}],"collection":[{"href":"https:\/\/www.arbre-vengeur.fr\/index.php?rest_route=\/wp\/v2\/posts"}],"about":[{"href":"https:\/\/www.arbre-vengeur.fr\/index.php?rest_route=\/wp\/v2\/types\/post"}],"author":[{"embeddable":true,"href":"https:\/\/www.arbre-vengeur.fr\/index.php?rest_route=\/wp\/v2\/users\/5"}],"replies":[{"embeddable":true,"href":"https:\/\/www.arbre-vengeur.fr\/index.php?rest_route=%2Fwp%2Fv2%2Fcomments&post=2110"}],"version-history":[{"count":1,"href":"https:\/\/www.arbre-vengeur.fr\/index.php?rest_route=\/wp\/v2\/posts\/2110\/revisions"}],"predecessor-version":[{"id":2117,"href":"https:\/\/www.arbre-vengeur.fr\/index.php?rest_route=\/wp\/v2\/posts\/2110\/revisions\/2117"}],"wp:featuredmedia":[{"embeddable":true,"href":"https:\/\/www.arbre-vengeur.fr\/index.php?rest_route=\/wp\/v2\/media\/2116"}],"wp:attachment":[{"href":"https:\/\/www.arbre-vengeur.fr\/index.php?rest_route=%2Fwp%2Fv2%2Fmedia&parent=2110"}],"wp:term":[{"taxonomy":"category","embeddable":true,"href":"https:\/\/www.arbre-vengeur.fr\/index.php?rest_route=%2Fwp%2Fv2%2Fcategories&post=2110"},{"taxonomy":"post_tag","embeddable":true,"href":"https:\/\/www.arbre-vengeur.fr\/index.php?rest_route=%2Fwp%2Fv2%2Ftags&post=2110"}],"curies":[{"name":"wp","href":"https:\/\/api.w.org\/{rel}","templated":true}]}}