{"id":2111,"date":"2011-04-10T13:00:02","date_gmt":"2011-04-10T12:00:02","guid":{"rendered":"http:\/\/localhost:8888\/arbrev4\/?p=2111"},"modified":"2013-12-03T13:01:16","modified_gmt":"2013-12-03T12:01:16","slug":"des-marrons-pas-marrants","status":"publish","type":"post","link":"https:\/\/www.arbre-vengeur.fr\/?p=2111","title":{"rendered":"Des Marrons pas marrants"},"content":{"rendered":"<p>Mais justement. Ce livre est horrible, \u00e9difiant, scandaleux, il est pourtant indispensable de s\u2019en souvenir et de le sauver de l\u2019oubli. D\u00e9terminant dans la lutte contre l\u2019esclavagisme qui s\u00e9vissait toujours au milieu du XIX\u00b0 si\u00e8cle,\u00a0<em><strong>Les Marrons\u00a0<\/strong><\/em>nous rappellent la violence ignoble d\u00e9ploy\u00e9e par les propri\u00e9taires d\u2019\u00eatres humains lorsqu\u2019il s\u2019agissait de punir les r\u00e9calcitrants. Il n\u2019est pas certain que notre monde ait depuis renonc\u00e9 aux horreurs. Ce livre de\u00a0<strong>Houat<\/strong>, le premier \u00e9crit \u00e0 La R\u00e9union, m\u00e9riterait en tout cas d\u2019\u00eatre lu dans les \u00e9coles. A la saison des marrons tiens par exemple. Et c\u2019est le nouveau livre de la collection\u00a0<em>L\u2019Alambic<\/em>\u00a0d\u2019Eric Dussert. A d\u00e9couvrir \u00e0 son sujet\u00a0<a title=\"Les Marrons | Le Figaro du 17 mars 2011\" href=\"https:\/\/www.arbre-vengeur.fr\/wp-content\/uploads\/2011\/01\/houat-figaro.gif\" rel=\"lightbox[gallery-uoxV]\"><strong>l\u2019article \u00e9logieux de Mohammed A\u00efssaoui<\/strong><\/a>\u00a0dans le\u00a0<em>Figaro Litt\u00e9raire<\/em>, un critique litt\u00e9raire qui peut pr\u00e9tendre conna\u00eetre ce sujet, comme en a t\u00e9moign\u00e9 son superbe livre,\u00a0<a href=\"http:\/\/www.youtube.com\/watch?v=4gGTbtZiOeY\" target=\"_blank\"><em>L\u2019Affaire de l\u2019esclave Furcy<\/em><\/a>\u00a0paru chez Gallimard.<\/p>\n<p>&nbsp;<\/p>\n","protected":false},"excerpt":{"rendered":"<p>Mais justement. Ce livre est horrible, \u00e9difiant, scandaleux, il est pourtant indispensable de s\u2019en souvenir et de le sauver de l\u2019oubli. D\u00e9terminant dans la lutte contre l\u2019esclavagisme qui s\u00e9vissait toujours au milieu du XIX\u00b0 si\u00e8cle,\u00a0Les Marrons\u00a0nous rappellent la violence ignoble d\u00e9ploy\u00e9e par les propri\u00e9taires d\u2019\u00eatres humains lorsqu\u2019il s\u2019agissait de punir les r\u00e9calcitrants. Il n\u2019est pas [&hellip;]<\/p>\n","protected":false},"author":5,"featured_media":2114,"comment_status":"closed","ping_status":"closed","sticky":false,"template":"","format":"standard","meta":{"footnotes":""},"categories":[9],"tags":[],"class_list":["post-2111","post","type-post","status-publish","format-standard","has-post-thumbnail","hentry","category-actu"],"_links":{"self":[{"href":"https:\/\/www.arbre-vengeur.fr\/index.php?rest_route=\/wp\/v2\/posts\/2111","targetHints":{"allow":["GET"]}}],"collection":[{"href":"https:\/\/www.arbre-vengeur.fr\/index.php?rest_route=\/wp\/v2\/posts"}],"about":[{"href":"https:\/\/www.arbre-vengeur.fr\/index.php?rest_route=\/wp\/v2\/types\/post"}],"author":[{"embeddable":true,"href":"https:\/\/www.arbre-vengeur.fr\/index.php?rest_route=\/wp\/v2\/users\/5"}],"replies":[{"embeddable":true,"href":"https:\/\/www.arbre-vengeur.fr\/index.php?rest_route=%2Fwp%2Fv2%2Fcomments&post=2111"}],"version-history":[{"count":1,"href":"https:\/\/www.arbre-vengeur.fr\/index.php?rest_route=\/wp\/v2\/posts\/2111\/revisions"}],"predecessor-version":[{"id":2115,"href":"https:\/\/www.arbre-vengeur.fr\/index.php?rest_route=\/wp\/v2\/posts\/2111\/revisions\/2115"}],"wp:featuredmedia":[{"embeddable":true,"href":"https:\/\/www.arbre-vengeur.fr\/index.php?rest_route=\/wp\/v2\/media\/2114"}],"wp:attachment":[{"href":"https:\/\/www.arbre-vengeur.fr\/index.php?rest_route=%2Fwp%2Fv2%2Fmedia&parent=2111"}],"wp:term":[{"taxonomy":"category","embeddable":true,"href":"https:\/\/www.arbre-vengeur.fr\/index.php?rest_route=%2Fwp%2Fv2%2Fcategories&post=2111"},{"taxonomy":"post_tag","embeddable":true,"href":"https:\/\/www.arbre-vengeur.fr\/index.php?rest_route=%2Fwp%2Fv2%2Ftags&post=2111"}],"curies":[{"name":"wp","href":"https:\/\/api.w.org\/{rel}","templated":true}]}}