{"id":2133,"date":"2011-04-04T13:06:48","date_gmt":"2011-04-04T12:06:48","guid":{"rendered":"http:\/\/localhost:8888\/arbrev4\/?p=2133"},"modified":"2013-12-03T13:17:30","modified_gmt":"2013-12-03T12:17:30","slug":"en-course-pour-dax","status":"publish","type":"post","link":"https:\/\/www.arbre-vengeur.fr\/?p=2133","title":{"rendered":"En course pour Dax"},"content":{"rendered":"<p>Les\u00a0<strong>Rencontres \u00e0 lire<\/strong>\u00a0de Dax se d\u00e9rouleront du 28 avril au 4 mai prochain, troisi\u00e8me \u00e9dition d\u2019une formule qui a vite fait ses preuves sous la houlette de l\u2019\u00e9crivain Serge Airoldi. Particularit\u00e9 de cette manifestation landaise, l\u2019attribution d\u2019un prix litt\u00e9raire r\u00e9compensant un livre publi\u00e9 durant l\u2019ann\u00e9e \u00e9coul\u00e9e par un \u00e9diteur du Sud-Ouest, d\u2019auteurs vivants ou disparus. Pour la deuxi\u00e8me \u00e9dition, nous avons le plaisir de voir\u00a0<strong>Jean-Louis Bailly<\/strong>\u00a0et son roman\u00a0<em><strong>Vers la poussi\u00e8re<\/strong><\/em>\u00a0retenus avec quatre titres\u00a0:\u00a0<em>L\u2019\u00c9l\u00e8ve Gilles<\/em>\u00a0d\u2019Andr\u00e9 Lafon (paix \u00e0 ses cendres\u2026) \u00e9dit\u00e9 par nos amis girondins du Festin,\u00a0<em>Collection particuli\u00e8re<\/em>\u00a0de G\u00e9rard Farasse \u00e9dit\u00e9 par nos amis charentais du Temps qu\u2019il fait,\u00a0<em>Le D\u00e9l\u00e9gu\u00e9<\/em>\u00a0de Didier Desbrug\u00e8res \u00e9dit\u00e9 par nos amis landais de Ga\u00efa, et\u00a0<em>Parures<\/em>\u00a0de Franz Bartelt (membre du jury du Prix de l\u2019Humour noir qui a r\u00e9cemment couronn\u00e9 nos amis bouscatais de Finitude en passant \u00e0 c\u00f4t\u00e9, d\u2019une voix, de\u00a0<em>Vers la poussi\u00e8re<\/em>\u2026) \u00e9dit\u00e9 par les Pyr\u00e9n\u00e9ens d\u2019Atelier in-8. Particularit\u00e9 amusante du prix, la possibilit\u00e9 de voter pour le public dont la synth\u00e8se des votes constituera une voix dont on imagine la puissance au moment des d\u00e9lib\u00e9rations (le nom des jur\u00e9s est visible sur le site de la mairie de Dax). Il est donc possible aux nombreux lecteurs de Jean-Louis Bailly, \u00e0 ses amis, sa famille, \u00e0 ceux de son \u00e9diteur de participer massivement au vote par mail en \u00e9crivant \u00e0\u00a0<a title=\"Rencontres \u00e0 lire : je vote pour Jean-Louis Bailly!\" href=\"mailto:sairoldi@dax.fr\">sairoldi@dax.fr<\/a>\u00a0en indiquant t\u00e9l\u00e9phone, adresse postale et mail et en r\u00e9pondant \u00e0 la question \u00ab\u00a0quel est le laur\u00e9at du premier prix des Rencontres 2010 ?\u00a0\u00bb (1) car il y a un lot \u00e0 la clef : une nuit pour deux personnes \u00e0 l\u2019h\u00f4tel Splendid (sans le laur\u00e9at suppose-t-on). C\u2019est vrai, tout cela est bien compliqu\u00e9 pour une br\u00e8ve mais il fallait le dire. Bonne chance \u00e0 Jean-Louis Bailly dont le livre a d\u2019ailleurs re\u00e7u un tr\u00e8s bel accueil et qui, supposons-nous, serait enchant\u00e9 d\u2019aller faire une petite cure litt\u00e9raire \u00e0 Dax.<\/p>\n<p>(1) La r\u00e9ponse est Julian Rios pour son livre\u00a0<em>Pont de l\u2019Alma<\/em>\u00a0(Tristram)<\/p>\n<p>&nbsp;<\/p>\n","protected":false},"excerpt":{"rendered":"<p>Les\u00a0Rencontres \u00e0 lire\u00a0de Dax se d\u00e9rouleront du 28 avril au 4 mai prochain, troisi\u00e8me \u00e9dition d\u2019une formule qui a vite fait ses preuves sous la houlette de l\u2019\u00e9crivain Serge Airoldi. Particularit\u00e9 de cette manifestation landaise, l\u2019attribution d\u2019un prix litt\u00e9raire r\u00e9compensant un livre publi\u00e9 durant l\u2019ann\u00e9e \u00e9coul\u00e9e par un \u00e9diteur du Sud-Ouest, d\u2019auteurs vivants ou disparus. [&hellip;]<\/p>\n","protected":false},"author":5,"featured_media":2158,"comment_status":"closed","ping_status":"closed","sticky":false,"template":"","format":"standard","meta":{"footnotes":""},"categories":[9],"tags":[],"class_list":["post-2133","post","type-post","status-publish","format-standard","has-post-thumbnail","hentry","category-actu"],"_links":{"self":[{"href":"https:\/\/www.arbre-vengeur.fr\/index.php?rest_route=\/wp\/v2\/posts\/2133","targetHints":{"allow":["GET"]}}],"collection":[{"href":"https:\/\/www.arbre-vengeur.fr\/index.php?rest_route=\/wp\/v2\/posts"}],"about":[{"href":"https:\/\/www.arbre-vengeur.fr\/index.php?rest_route=\/wp\/v2\/types\/post"}],"author":[{"embeddable":true,"href":"https:\/\/www.arbre-vengeur.fr\/index.php?rest_route=\/wp\/v2\/users\/5"}],"replies":[{"embeddable":true,"href":"https:\/\/www.arbre-vengeur.fr\/index.php?rest_route=%2Fwp%2Fv2%2Fcomments&post=2133"}],"version-history":[{"count":1,"href":"https:\/\/www.arbre-vengeur.fr\/index.php?rest_route=\/wp\/v2\/posts\/2133\/revisions"}],"predecessor-version":[{"id":2159,"href":"https:\/\/www.arbre-vengeur.fr\/index.php?rest_route=\/wp\/v2\/posts\/2133\/revisions\/2159"}],"wp:featuredmedia":[{"embeddable":true,"href":"https:\/\/www.arbre-vengeur.fr\/index.php?rest_route=\/wp\/v2\/media\/2158"}],"wp:attachment":[{"href":"https:\/\/www.arbre-vengeur.fr\/index.php?rest_route=%2Fwp%2Fv2%2Fmedia&parent=2133"}],"wp:term":[{"taxonomy":"category","embeddable":true,"href":"https:\/\/www.arbre-vengeur.fr\/index.php?rest_route=%2Fwp%2Fv2%2Fcategories&post=2133"},{"taxonomy":"post_tag","embeddable":true,"href":"https:\/\/www.arbre-vengeur.fr\/index.php?rest_route=%2Fwp%2Fv2%2Ftags&post=2133"}],"curies":[{"name":"wp","href":"https:\/\/api.w.org\/{rel}","templated":true}]}}