{"id":2403,"date":"2010-03-21T20:41:12","date_gmt":"2010-03-21T19:41:12","guid":{"rendered":"http:\/\/localhost:8888\/arbrev4\/?p=2403"},"modified":"2013-12-03T20:50:03","modified_gmt":"2013-12-03T19:50:03","slug":"fiers-et-petits","status":"publish","type":"post","link":"https:\/\/www.arbre-vengeur.fr\/?p=2403","title":{"rendered":"Fiers et petits"},"content":{"rendered":"<p>C\u2019est sans doute la fiert\u00e9 (ou plut\u00f4t la vanit\u00e9, voire un reste\u00a0 de coquetterie) qui nous a incit\u00e9s \u00e0 ne pas accepter la visite du photographe\u00a0 du Figaro Magazine.\u00a0Et puis tant de travail nocturne nous fait des mines sombres et inqui\u00e9tantes. Cela, Beno\u00eet Laudier, lui aussi \u00e9diteur chez\u00a0<a href=\"http:\/\/www.vagabonde.net\/\">Vagabonde<\/a>, excellente petite maison fond\u00e9e en 2004, a eu l\u2019amabilit\u00e9 de ne pas le pr\u00e9ciser dans l\u2019article qu\u2019il vient de consacrer \u00e0 ces \u00ab\u00a0Petits \u00e9diteurs et fiers de l\u2019\u00eatre\u00a0\u00bb dans le dernier Fig Mag donc et o\u00f9 nous figurons \u00e0 c\u00f4t\u00e9 de nos amis de Finitude (qui ont droit \u00e0 une photo inoubliable\u2026), du Passage du Nord-Ouest, du Sandre, de Sillage, d\u2019Attila, d\u2019Isolato, d\u2019Anacharsis. Une fa\u00e7on pour ce magazine d\u2019\u00e9voquer le 30\u00e8me Salon du Livre de Paris dont quelques mastodontes de l\u2019Edition ont pr\u00e9f\u00e9r\u00e9 se retirer, inquiets pour certains, dit-on, de toutes ces petites maisons qui perturbent leur vente massive de chefs d\u2019\u0153uvre sans parler de ces stands r\u00e9gionaux qui sont d\u2019un vulgaire\u2026<\/p>\n<p>Vous pourrez nous y retrouver \u00e0 partir de jeudi soir pour quelques jours de folie commerciale et litt\u00e9raire, au c\u0153ur du Stand Aquitaine anim\u00e9 par l\u2019ECLA.<\/p>\n","protected":false},"excerpt":{"rendered":"<p>C\u2019est sans doute la fiert\u00e9 (ou plut\u00f4t la vanit\u00e9, voire un reste\u00a0 de coquetterie) qui nous a incit\u00e9s \u00e0 ne pas accepter la visite du photographe\u00a0 du Figaro Magazine.\u00a0Et puis tant de travail nocturne nous fait des mines sombres et inqui\u00e9tantes. Cela, Beno\u00eet Laudier, lui aussi \u00e9diteur chez\u00a0Vagabonde, excellente petite maison fond\u00e9e en 2004, a [&hellip;]<\/p>\n","protected":false},"author":5,"featured_media":0,"comment_status":"closed","ping_status":"closed","sticky":false,"template":"","format":"standard","meta":{"footnotes":""},"categories":[9],"tags":[],"class_list":["post-2403","post","type-post","status-publish","format-standard","hentry","category-actu"],"_links":{"self":[{"href":"https:\/\/www.arbre-vengeur.fr\/index.php?rest_route=\/wp\/v2\/posts\/2403","targetHints":{"allow":["GET"]}}],"collection":[{"href":"https:\/\/www.arbre-vengeur.fr\/index.php?rest_route=\/wp\/v2\/posts"}],"about":[{"href":"https:\/\/www.arbre-vengeur.fr\/index.php?rest_route=\/wp\/v2\/types\/post"}],"author":[{"embeddable":true,"href":"https:\/\/www.arbre-vengeur.fr\/index.php?rest_route=\/wp\/v2\/users\/5"}],"replies":[{"embeddable":true,"href":"https:\/\/www.arbre-vengeur.fr\/index.php?rest_route=%2Fwp%2Fv2%2Fcomments&post=2403"}],"version-history":[{"count":1,"href":"https:\/\/www.arbre-vengeur.fr\/index.php?rest_route=\/wp\/v2\/posts\/2403\/revisions"}],"predecessor-version":[{"id":2422,"href":"https:\/\/www.arbre-vengeur.fr\/index.php?rest_route=\/wp\/v2\/posts\/2403\/revisions\/2422"}],"wp:attachment":[{"href":"https:\/\/www.arbre-vengeur.fr\/index.php?rest_route=%2Fwp%2Fv2%2Fmedia&parent=2403"}],"wp:term":[{"taxonomy":"category","embeddable":true,"href":"https:\/\/www.arbre-vengeur.fr\/index.php?rest_route=%2Fwp%2Fv2%2Fcategories&post=2403"},{"taxonomy":"post_tag","embeddable":true,"href":"https:\/\/www.arbre-vengeur.fr\/index.php?rest_route=%2Fwp%2Fv2%2Ftags&post=2403"}],"curies":[{"name":"wp","href":"https:\/\/api.w.org\/{rel}","templated":true}]}}