{"id":2829,"date":"2014-03-02T18:12:57","date_gmt":"2014-03-02T17:12:57","guid":{"rendered":"https:\/\/www.arbre-vengeur.fr\/?p=2829"},"modified":"2016-09-06T22:00:41","modified_gmt":"2016-09-06T21:00:41","slug":"remy-jean-charles","status":"publish","type":"post","link":"https:\/\/www.arbre-vengeur.fr\/?p=2829","title":{"rendered":"R\u00e9my, Jean-Charles"},"content":{"rendered":"<p>Jean-Charles R\u00e9my est n\u00e9 en 1933 et a achev\u00e9 sa vie sur l\u2019\u00eele de R\u00e9 ,consacrant sa retraite \u00e0 l\u2019\u00e9criture. Depuis 1970 et son\u00a0premier roman <em>La Randonn\u00e9e<\/em> paru chez Stock, il a publi\u00e9\u00a0po\u00e9sie, th\u00e9\u00e2tre, essais (sur Mishima et Karen Blixen),\u00a0biographies litt\u00e9raires (Bosco, Giono, Ju\u0308nger, Madame de\u00a0La Fayette) et nouvelles. Il est mort en 2016.<\/p>\n<p><em>L\u2019Arborescence<\/em>, son deuxi\u00e8me roman, est paru chez Deno\u00ebl\u00a0en 1976. Plusieurs fois r\u00e9\u00e9dit\u00e9 et recherch\u00e9 des amateurs\u00a0de raret\u00e9, il voit enfin son absence en librairie veng\u00e9e.<\/p>\n","protected":false},"excerpt":{"rendered":"<p>Jean-Charles R\u00e9my est n\u00e9 en 1933 et a achev\u00e9 sa vie sur l\u2019\u00eele de R\u00e9 ,consacrant sa retraite \u00e0 l\u2019\u00e9criture. Depuis 1970 et son\u00a0premier roman La Randonn\u00e9e paru chez Stock, il a publi\u00e9\u00a0po\u00e9sie, th\u00e9\u00e2tre, essais (sur Mishima et Karen Blixen),\u00a0biographies litt\u00e9raires (Bosco, Giono, Ju\u0308nger, Madame de\u00a0La Fayette) et nouvelles. Il est mort en 2016. L\u2019Arborescence, [&hellip;]<\/p>\n","protected":false},"author":5,"featured_media":2833,"comment_status":"closed","ping_status":"closed","sticky":false,"template":"","format":"standard","meta":{"footnotes":""},"categories":[10],"tags":[],"class_list":["post-2829","post","type-post","status-publish","format-standard","has-post-thumbnail","hentry","category-auteur"],"_links":{"self":[{"href":"https:\/\/www.arbre-vengeur.fr\/index.php?rest_route=\/wp\/v2\/posts\/2829","targetHints":{"allow":["GET"]}}],"collection":[{"href":"https:\/\/www.arbre-vengeur.fr\/index.php?rest_route=\/wp\/v2\/posts"}],"about":[{"href":"https:\/\/www.arbre-vengeur.fr\/index.php?rest_route=\/wp\/v2\/types\/post"}],"author":[{"embeddable":true,"href":"https:\/\/www.arbre-vengeur.fr\/index.php?rest_route=\/wp\/v2\/users\/5"}],"replies":[{"embeddable":true,"href":"https:\/\/www.arbre-vengeur.fr\/index.php?rest_route=%2Fwp%2Fv2%2Fcomments&post=2829"}],"version-history":[{"count":3,"href":"https:\/\/www.arbre-vengeur.fr\/index.php?rest_route=\/wp\/v2\/posts\/2829\/revisions"}],"predecessor-version":[{"id":4029,"href":"https:\/\/www.arbre-vengeur.fr\/index.php?rest_route=\/wp\/v2\/posts\/2829\/revisions\/4029"}],"wp:featuredmedia":[{"embeddable":true,"href":"https:\/\/www.arbre-vengeur.fr\/index.php?rest_route=\/wp\/v2\/media\/2833"}],"wp:attachment":[{"href":"https:\/\/www.arbre-vengeur.fr\/index.php?rest_route=%2Fwp%2Fv2%2Fmedia&parent=2829"}],"wp:term":[{"taxonomy":"category","embeddable":true,"href":"https:\/\/www.arbre-vengeur.fr\/index.php?rest_route=%2Fwp%2Fv2%2Fcategories&post=2829"},{"taxonomy":"post_tag","embeddable":true,"href":"https:\/\/www.arbre-vengeur.fr\/index.php?rest_route=%2Fwp%2Fv2%2Ftags&post=2829"}],"curies":[{"name":"wp","href":"https:\/\/api.w.org\/{rel}","templated":true}]}}