{"id":3209,"date":"2014-11-20T20:41:07","date_gmt":"2014-11-20T19:41:07","guid":{"rendered":"https:\/\/www.arbre-vengeur.fr\/?p=3209"},"modified":"2014-11-20T20:41:07","modified_gmt":"2014-11-20T19:41:07","slug":"leon-bonneff-daubervilliers","status":"publish","type":"post","link":"https:\/\/www.arbre-vengeur.fr\/?p=3209","title":{"rendered":"L\u00e9on Bonneff d&#8217;Aubervilliers"},"content":{"rendered":"<p>C&#8217;\u00e9tait un des livres les plus remarqu\u00e9s d<em><strong>e <\/strong><\/em>l&#8217;Alambic premi\u00e8re \u00e9poque (\u00e0 l&#8217;Esprit des P\u00e9ninsules), il convenait de ne pas le laisser plus longtemps introuvable : repara\u00eetra donc au printemps l&#8217;impressionnant <em><strong>Aubervilliers<\/strong><\/em> de <strong>L\u00e9on Bonneff<\/strong>, un classique du roman prol\u00e9tarien salu\u00e9 par Henry Poulaille. Cette \u00e9dition comportera une \u00e9clairante pr\u00e9face d&#8217;<strong>Eric Dussert<\/strong>, le ma\u00eetre de cette collection si riche en red\u00e9couvertes.<\/p>\n","protected":false},"excerpt":{"rendered":"<p>C&#8217;\u00e9tait un des livres les plus remarqu\u00e9s de l&#8217;Alambic premi\u00e8re \u00e9poque (\u00e0 l&#8217;Esprit des P\u00e9ninsules), il convenait de ne pas le laisser plus longtemps introuvable : repara\u00eetra donc au printemps l&#8217;impressionnant Aubervilliers de L\u00e9on Bonneff, un classique du roman prol\u00e9tarien salu\u00e9 par Henry Poulaille. Cette \u00e9dition comportera une \u00e9clairante pr\u00e9face d&#8217;Eric Dussert, le ma\u00eetre de [&hellip;]<\/p>\n","protected":false},"author":2,"featured_media":3210,"comment_status":"closed","ping_status":"closed","sticky":false,"template":"","format":"standard","meta":{"footnotes":""},"categories":[9],"tags":[76,64,75,74],"class_list":["post-3209","post","type-post","status-publish","format-standard","has-post-thumbnail","hentry","category-actu","tag-aubervilliers","tag-eric-dussert","tag-leon-bonneff","tag-roman-proletarien"],"_links":{"self":[{"href":"https:\/\/www.arbre-vengeur.fr\/index.php?rest_route=\/wp\/v2\/posts\/3209","targetHints":{"allow":["GET"]}}],"collection":[{"href":"https:\/\/www.arbre-vengeur.fr\/index.php?rest_route=\/wp\/v2\/posts"}],"about":[{"href":"https:\/\/www.arbre-vengeur.fr\/index.php?rest_route=\/wp\/v2\/types\/post"}],"author":[{"embeddable":true,"href":"https:\/\/www.arbre-vengeur.fr\/index.php?rest_route=\/wp\/v2\/users\/2"}],"replies":[{"embeddable":true,"href":"https:\/\/www.arbre-vengeur.fr\/index.php?rest_route=%2Fwp%2Fv2%2Fcomments&post=3209"}],"version-history":[{"count":1,"href":"https:\/\/www.arbre-vengeur.fr\/index.php?rest_route=\/wp\/v2\/posts\/3209\/revisions"}],"predecessor-version":[{"id":3211,"href":"https:\/\/www.arbre-vengeur.fr\/index.php?rest_route=\/wp\/v2\/posts\/3209\/revisions\/3211"}],"wp:featuredmedia":[{"embeddable":true,"href":"https:\/\/www.arbre-vengeur.fr\/index.php?rest_route=\/wp\/v2\/media\/3210"}],"wp:attachment":[{"href":"https:\/\/www.arbre-vengeur.fr\/index.php?rest_route=%2Fwp%2Fv2%2Fmedia&parent=3209"}],"wp:term":[{"taxonomy":"category","embeddable":true,"href":"https:\/\/www.arbre-vengeur.fr\/index.php?rest_route=%2Fwp%2Fv2%2Fcategories&post=3209"},{"taxonomy":"post_tag","embeddable":true,"href":"https:\/\/www.arbre-vengeur.fr\/index.php?rest_route=%2Fwp%2Fv2%2Ftags&post=3209"}],"curies":[{"name":"wp","href":"https:\/\/api.w.org\/{rel}","templated":true}]}}