{"id":3267,"date":"2015-01-13T11:58:10","date_gmt":"2015-01-13T10:58:10","guid":{"rendered":"https:\/\/www.arbre-vengeur.fr\/?p=3267"},"modified":"2015-01-13T11:58:10","modified_gmt":"2015-01-13T10:58:10","slug":"ce-sera-bien-chez-pola","status":"publish","type":"post","link":"https:\/\/www.arbre-vengeur.fr\/?p=3267","title":{"rendered":"Ce sera bien chez Pola"},"content":{"rendered":"<p>En cet agit\u00e9 mois de janvier, notre maison en rejoindra une bien plus vaste, la <a href=\"http:\/\/www.pola.fr\/\">Fabrique Pola<\/a>, lieu d\u00e9di\u00e9 \u00e0 la cr\u00e9ation contemporaine, \u00e0 la production et \u00e0 la diffusion artistique.\u00a0Elle est habit\u00e9e par 19 structures en lien avec les arts visuels, 9 artistes r\u00e9sidents, une \u00e9quipe mutualis\u00e9e de 5 salari\u00e9s et elle abrite 3 ateliers de production g\u00e9r\u00e9s par les structures. Nous y retrouvons d&#8217;autres \u00e9diteurs comme Les Requins Marteaux et Corn\u00e9lius. La Fabrique est install\u00e9e dans l&#8217;ancien centre de tri de la poste, pr\u00e8s du Boulevard Jean-Jacques Bosc. Fini le relatif isolement et merci pour l&#8217;accueil (et d\u00e9sol\u00e9 pour les coups de marteaux, mais il fallait monter de lourdes \u00e9tag\u00e8res pour entreposer un stock non moins lourd&#8230;).<\/p>\n","protected":false},"excerpt":{"rendered":"<p>En cet agit\u00e9 mois de janvier, notre maison en rejoindra une bien plus vaste, la Fabrique Pola, lieu d\u00e9di\u00e9 \u00e0 la cr\u00e9ation contemporaine, \u00e0 la production et \u00e0 la diffusion artistique.\u00a0Elle est habit\u00e9e par 19 structures en lien avec les arts visuels, 9 artistes r\u00e9sidents, une \u00e9quipe mutualis\u00e9e de 5 salari\u00e9s et elle abrite 3 [&hellip;]<\/p>\n","protected":false},"author":2,"featured_media":3268,"comment_status":"closed","ping_status":"closed","sticky":false,"template":"","format":"standard","meta":{"footnotes":""},"categories":[9],"tags":[94,93,95],"class_list":["post-3267","post","type-post","status-publish","format-standard","has-post-thumbnail","hentry","category-actu","tag-cornelius","tag-fabrique-pola","tag-requins-marteaux"],"_links":{"self":[{"href":"https:\/\/www.arbre-vengeur.fr\/index.php?rest_route=\/wp\/v2\/posts\/3267","targetHints":{"allow":["GET"]}}],"collection":[{"href":"https:\/\/www.arbre-vengeur.fr\/index.php?rest_route=\/wp\/v2\/posts"}],"about":[{"href":"https:\/\/www.arbre-vengeur.fr\/index.php?rest_route=\/wp\/v2\/types\/post"}],"author":[{"embeddable":true,"href":"https:\/\/www.arbre-vengeur.fr\/index.php?rest_route=\/wp\/v2\/users\/2"}],"replies":[{"embeddable":true,"href":"https:\/\/www.arbre-vengeur.fr\/index.php?rest_route=%2Fwp%2Fv2%2Fcomments&post=3267"}],"version-history":[{"count":1,"href":"https:\/\/www.arbre-vengeur.fr\/index.php?rest_route=\/wp\/v2\/posts\/3267\/revisions"}],"predecessor-version":[{"id":3269,"href":"https:\/\/www.arbre-vengeur.fr\/index.php?rest_route=\/wp\/v2\/posts\/3267\/revisions\/3269"}],"wp:featuredmedia":[{"embeddable":true,"href":"https:\/\/www.arbre-vengeur.fr\/index.php?rest_route=\/wp\/v2\/media\/3268"}],"wp:attachment":[{"href":"https:\/\/www.arbre-vengeur.fr\/index.php?rest_route=%2Fwp%2Fv2%2Fmedia&parent=3267"}],"wp:term":[{"taxonomy":"category","embeddable":true,"href":"https:\/\/www.arbre-vengeur.fr\/index.php?rest_route=%2Fwp%2Fv2%2Fcategories&post=3267"},{"taxonomy":"post_tag","embeddable":true,"href":"https:\/\/www.arbre-vengeur.fr\/index.php?rest_route=%2Fwp%2Fv2%2Ftags&post=3267"}],"curies":[{"name":"wp","href":"https:\/\/api.w.org\/{rel}","templated":true}]}}