{"id":3313,"date":"2015-02-13T18:33:52","date_gmt":"2015-02-13T17:33:52","guid":{"rendered":"https:\/\/www.arbre-vengeur.fr\/?p=3313"},"modified":"2015-02-13T18:45:12","modified_gmt":"2015-02-13T17:45:12","slug":"bonneff-leon","status":"publish","type":"post","link":"https:\/\/www.arbre-vengeur.fr\/?p=3313","title":{"rendered":"Bonneff, L\u00e9on"},"content":{"rendered":"<p class=\"p1\">L\u00e9on-Aron-Mathias Bonneff dit L\u00e9on Bonneff (1882-1914), \u00e9crivain prol\u00e9tarien vou\u00e9 \u00e0 la d\u00e9fense de la classe populaire, a illustr\u00e9 dans ses reportages, notamment dans L\u2019Humanit\u00e9, et dans ses livres, les conditions de vie des ouvriers et du lumpenprol\u00e9tariat. Avec son fr\u00e8re Maurice (1884-1914), auteur de <em>Didier, homme du peuple<\/em>, il a sign\u00e9 Bonneff leurs enqu\u00eates, <em>La vie tragique des travailleurs\u00a0<\/em>(1908) et <em>Les m\u00e9tiers qui tuent<\/em> (1905) qui constituent, apr\u00e8s les livres d\u2019\u00c9mile Zola, un jalon majeur de la litt\u00e9rature engag\u00e9e.<\/p>\n","protected":false},"excerpt":{"rendered":"<p>L\u00e9on-Aron-Mathias Bonneff dit L\u00e9on Bonneff (1882-1914), \u00e9crivain prol\u00e9tarien vou\u00e9 \u00e0 la d\u00e9fense de la classe populaire, a illustr\u00e9 dans ses reportages, notamment dans L\u2019Humanit\u00e9, et dans ses livres, les conditions de vie des ouvriers et du lumpenprol\u00e9tariat. Avec son fr\u00e8re Maurice (1884-1914), auteur de Didier, homme du peuple, il a sign\u00e9 Bonneff leurs enqu\u00eates, La [&hellip;]<\/p>\n","protected":false},"author":5,"featured_media":3320,"comment_status":"closed","ping_status":"closed","sticky":false,"template":"","format":"standard","meta":{"footnotes":""},"categories":[10],"tags":[],"class_list":["post-3313","post","type-post","status-publish","format-standard","has-post-thumbnail","hentry","category-auteur"],"_links":{"self":[{"href":"https:\/\/www.arbre-vengeur.fr\/index.php?rest_route=\/wp\/v2\/posts\/3313","targetHints":{"allow":["GET"]}}],"collection":[{"href":"https:\/\/www.arbre-vengeur.fr\/index.php?rest_route=\/wp\/v2\/posts"}],"about":[{"href":"https:\/\/www.arbre-vengeur.fr\/index.php?rest_route=\/wp\/v2\/types\/post"}],"author":[{"embeddable":true,"href":"https:\/\/www.arbre-vengeur.fr\/index.php?rest_route=\/wp\/v2\/users\/5"}],"replies":[{"embeddable":true,"href":"https:\/\/www.arbre-vengeur.fr\/index.php?rest_route=%2Fwp%2Fv2%2Fcomments&post=3313"}],"version-history":[{"count":1,"href":"https:\/\/www.arbre-vengeur.fr\/index.php?rest_route=\/wp\/v2\/posts\/3313\/revisions"}],"predecessor-version":[{"id":3321,"href":"https:\/\/www.arbre-vengeur.fr\/index.php?rest_route=\/wp\/v2\/posts\/3313\/revisions\/3321"}],"wp:featuredmedia":[{"embeddable":true,"href":"https:\/\/www.arbre-vengeur.fr\/index.php?rest_route=\/wp\/v2\/media\/3320"}],"wp:attachment":[{"href":"https:\/\/www.arbre-vengeur.fr\/index.php?rest_route=%2Fwp%2Fv2%2Fmedia&parent=3313"}],"wp:term":[{"taxonomy":"category","embeddable":true,"href":"https:\/\/www.arbre-vengeur.fr\/index.php?rest_route=%2Fwp%2Fv2%2Fcategories&post=3313"},{"taxonomy":"post_tag","embeddable":true,"href":"https:\/\/www.arbre-vengeur.fr\/index.php?rest_route=%2Fwp%2Fv2%2Ftags&post=3313"}],"curies":[{"name":"wp","href":"https:\/\/api.w.org\/{rel}","templated":true}]}}