{"id":3367,"date":"2015-03-13T19:44:40","date_gmt":"2015-03-13T18:44:40","guid":{"rendered":"https:\/\/www.arbre-vengeur.fr\/?p=3367"},"modified":"2015-03-18T12:36:33","modified_gmt":"2015-03-18T11:36:33","slug":"le-salon-ou-lon-badge","status":"publish","type":"post","link":"https:\/\/www.arbre-vengeur.fr\/?p=3367","title":{"rendered":"Le salon o\u00f9 l&#8217;on badge"},"content":{"rendered":"<p>Comme chaque ann\u00e9e et sans que rien ne vienne amoindrir notre juv\u00e9nile enthousiasme, nous serons au <strong>salon du livre de Paris<\/strong> qui se tiendra du 19 au 23 mars prochain, afin de pr\u00e9senter nos nouveaut\u00e9s, notre fonds color\u00e9s et quelques \u00e9puis\u00e9s pour les collectionneurs. Fid\u00e8les ou convertis r\u00e9cents nous vous y attendons sur le stand Aquitaine, en P57 si on souhaite suivre un plan connu pour son aspect illisible. Le samedi apr\u00e8s-midi <a title=\"Claro\" href=\"https:\/\/www.arbre-vengeur.fr\/?p=3348\"><strong>Claro<\/strong><\/a> d\u00e9dicacera <strong><em>Dans la queue le venin<\/em><\/strong> ; dimanche ce sera au tour de <a title=\"Delbourg, Patrice\" href=\"https:\/\/www.arbre-vengeur.fr\/?p=3293\"><strong>Patrice Delbourg<\/strong><\/a> qui proposera d&#8217;orner la nouvelle \u00e9dition d&#8217;<strong><em>Un certain Blatte<\/em><\/strong>. On signale que des badges \u00e0 tirage limit\u00e9 seront disponibles, vendus (oh, un prix modique) ou offerts aux plus sympathiques de nos visiteurs.<\/p>\n","protected":false},"excerpt":{"rendered":"<p>Comme chaque ann\u00e9e et sans que rien ne vienne amoindrir notre juv\u00e9nile enthousiasme, nous serons au salon du livre de Paris qui se tiendra du 19 au 23 mars prochain, afin de pr\u00e9senter nos nouveaut\u00e9s, notre fonds color\u00e9s et quelques \u00e9puis\u00e9s pour les collectionneurs. Fid\u00e8les ou convertis r\u00e9cents nous vous y attendons sur le stand [&hellip;]<\/p>\n","protected":false},"author":2,"featured_media":3368,"comment_status":"closed","ping_status":"closed","sticky":false,"template":"","format":"standard","meta":{"footnotes":""},"categories":[9],"tags":[79,97,116,115],"class_list":["post-3367","post","type-post","status-publish","format-standard","has-post-thumbnail","hentry","category-actu","tag-dans-la-queue-le-venin","tag-patrice-delbourg","tag-salon-du-livre-paris-2015","tag-un-certian-blatte"],"_links":{"self":[{"href":"https:\/\/www.arbre-vengeur.fr\/index.php?rest_route=\/wp\/v2\/posts\/3367","targetHints":{"allow":["GET"]}}],"collection":[{"href":"https:\/\/www.arbre-vengeur.fr\/index.php?rest_route=\/wp\/v2\/posts"}],"about":[{"href":"https:\/\/www.arbre-vengeur.fr\/index.php?rest_route=\/wp\/v2\/types\/post"}],"author":[{"embeddable":true,"href":"https:\/\/www.arbre-vengeur.fr\/index.php?rest_route=\/wp\/v2\/users\/2"}],"replies":[{"embeddable":true,"href":"https:\/\/www.arbre-vengeur.fr\/index.php?rest_route=%2Fwp%2Fv2%2Fcomments&post=3367"}],"version-history":[{"count":2,"href":"https:\/\/www.arbre-vengeur.fr\/index.php?rest_route=\/wp\/v2\/posts\/3367\/revisions"}],"predecessor-version":[{"id":3374,"href":"https:\/\/www.arbre-vengeur.fr\/index.php?rest_route=\/wp\/v2\/posts\/3367\/revisions\/3374"}],"wp:featuredmedia":[{"embeddable":true,"href":"https:\/\/www.arbre-vengeur.fr\/index.php?rest_route=\/wp\/v2\/media\/3368"}],"wp:attachment":[{"href":"https:\/\/www.arbre-vengeur.fr\/index.php?rest_route=%2Fwp%2Fv2%2Fmedia&parent=3367"}],"wp:term":[{"taxonomy":"category","embeddable":true,"href":"https:\/\/www.arbre-vengeur.fr\/index.php?rest_route=%2Fwp%2Fv2%2Fcategories&post=3367"},{"taxonomy":"post_tag","embeddable":true,"href":"https:\/\/www.arbre-vengeur.fr\/index.php?rest_route=%2Fwp%2Fv2%2Ftags&post=3367"}],"curies":[{"name":"wp","href":"https:\/\/api.w.org\/{rel}","templated":true}]}}