{"id":3378,"date":"2015-03-27T21:56:56","date_gmt":"2015-03-27T20:56:56","guid":{"rendered":"https:\/\/www.arbre-vengeur.fr\/?p=3378"},"modified":"2015-03-27T21:56:56","modified_gmt":"2015-03-27T20:56:56","slug":"aubervilliers-la-fleurie-et-aubervilliers-la-poudrette","status":"publish","type":"post","link":"https:\/\/www.arbre-vengeur.fr\/?p=3378","title":{"rendered":"Aubervilliers-la-Fleurie et Aubervilliers-la-Poudrette"},"content":{"rendered":"<p>On dit qu&#8217;Aubervilliers n&#8217;a apr\u00e8s tout pas tant chang\u00e9 que cela depuis l&#8217;\u00e9poque o\u00f9 on parlait d&#8217;elle comme d&#8217;une banlieue rouge, un territoire qu&#8217;une fronti\u00e8re invisible s\u00e9parait des beaux quartiers. En lisant le livre que <a title=\"Bonneff, L\u00e9on\" href=\"https:\/\/www.arbre-vengeur.fr\/?p=3313\"><strong>L\u00e9on Bonneff<\/strong><\/a> tira de ses incursions et de ses enqu\u00eates dans la ville au d\u00e9but du XX\u00b0 si\u00e8cle, on esp\u00e8re que le temps s&#8217;est charg\u00e9 malgr\u00e9 tout d&#8217;estomper les mis\u00e8res qui s&#8217;y abattaient et qu&#8217;il d\u00e9crit avec une pr\u00e9cision empathique jamais d\u00e9nu\u00e9e de d\u00e9rision. Offrant paradoxalement la vision de deux villes, celle des riches mara\u00eechers ignorant avec arrogance celle des prol\u00e9taires crevards, l&#8217;\u00e9crivain engag\u00e9, surtout int\u00e9ress\u00e9 par les seconds, a d\u00e9peint un monde o\u00f9 le capitalisme le plus sauvage et le plus rude broie les \u00eatres. <a title=\"Aubervilliers\" href=\"https:\/\/www.arbre-vengeur.fr\/?p=3312\"><em><strong>Aubervilliers<\/strong><\/em><\/a> est de ces livres, mi-document, mi-fiction, qui ne se laissent pas oublier. Il nous paraissait important de lui redonner vie. Il sera en librairie, pour l&#8217;\u00e9dification de tous, d\u00e8s le 13 avril, dans la collection <strong><em>L&#8217;Alambic<\/em> <\/strong>d&#8217;Eric Dussert.<\/p>\n","protected":false},"excerpt":{"rendered":"<p>On dit qu&#8217;Aubervilliers n&#8217;a apr\u00e8s tout pas tant chang\u00e9 que cela depuis l&#8217;\u00e9poque o\u00f9 on parlait d&#8217;elle comme d&#8217;une banlieue rouge, un territoire qu&#8217;une fronti\u00e8re invisible s\u00e9parait des beaux quartiers. En lisant le livre que L\u00e9on Bonneff tira de ses incursions et de ses enqu\u00eates dans la ville au d\u00e9but du XX\u00b0 si\u00e8cle, on esp\u00e8re [&hellip;]<\/p>\n","protected":false},"author":2,"featured_media":3380,"comment_status":"closed","ping_status":"closed","sticky":false,"template":"","format":"standard","meta":{"footnotes":""},"categories":[9],"tags":[90,76,64,75,74],"class_list":["post-3378","post","type-post","status-publish","format-standard","has-post-thumbnail","hentry","category-actu","tag-alambic","tag-aubervilliers","tag-eric-dussert","tag-leon-bonneff","tag-roman-proletarien"],"_links":{"self":[{"href":"https:\/\/www.arbre-vengeur.fr\/index.php?rest_route=\/wp\/v2\/posts\/3378","targetHints":{"allow":["GET"]}}],"collection":[{"href":"https:\/\/www.arbre-vengeur.fr\/index.php?rest_route=\/wp\/v2\/posts"}],"about":[{"href":"https:\/\/www.arbre-vengeur.fr\/index.php?rest_route=\/wp\/v2\/types\/post"}],"author":[{"embeddable":true,"href":"https:\/\/www.arbre-vengeur.fr\/index.php?rest_route=\/wp\/v2\/users\/2"}],"replies":[{"embeddable":true,"href":"https:\/\/www.arbre-vengeur.fr\/index.php?rest_route=%2Fwp%2Fv2%2Fcomments&post=3378"}],"version-history":[{"count":1,"href":"https:\/\/www.arbre-vengeur.fr\/index.php?rest_route=\/wp\/v2\/posts\/3378\/revisions"}],"predecessor-version":[{"id":3381,"href":"https:\/\/www.arbre-vengeur.fr\/index.php?rest_route=\/wp\/v2\/posts\/3378\/revisions\/3381"}],"wp:featuredmedia":[{"embeddable":true,"href":"https:\/\/www.arbre-vengeur.fr\/index.php?rest_route=\/wp\/v2\/media\/3380"}],"wp:attachment":[{"href":"https:\/\/www.arbre-vengeur.fr\/index.php?rest_route=%2Fwp%2Fv2%2Fmedia&parent=3378"}],"wp:term":[{"taxonomy":"category","embeddable":true,"href":"https:\/\/www.arbre-vengeur.fr\/index.php?rest_route=%2Fwp%2Fv2%2Fcategories&post=3378"},{"taxonomy":"post_tag","embeddable":true,"href":"https:\/\/www.arbre-vengeur.fr\/index.php?rest_route=%2Fwp%2Fv2%2Ftags&post=3378"}],"curies":[{"name":"wp","href":"https:\/\/api.w.org\/{rel}","templated":true}]}}