{"id":3389,"date":"2015-04-13T22:56:54","date_gmt":"2015-04-13T21:56:54","guid":{"rendered":"https:\/\/www.arbre-vengeur.fr\/?p=3389"},"modified":"2015-04-13T22:56:54","modified_gmt":"2015-04-13T21:56:54","slug":"loree-daubervilliers","status":"publish","type":"post","link":"https:\/\/www.arbre-vengeur.fr\/?p=3389","title":{"rendered":"A l&#8217;or\u00e9e d&#8217;Aubervilliers"},"content":{"rendered":"<p>C&#8217;est aujourd&#8217;hui que rena\u00eet une nouvelle \u00e9dition du <a title=\"Aubervilliers\" href=\"https:\/\/www.arbre-vengeur.fr\/?p=3312\"><em><strong>Aubervilliers<\/strong><\/em><\/a> de <strong>L\u00e9on Bonneff<\/strong>, mythique roman fondateur d&#8217;une certaine litt\u00e9rature prol\u00e9tarienne et immersion aussi fascinante qu&#8217;\u00e9reintante dans l&#8217;univers des damn\u00e9s de cette banlieue pas encore rouge. Port\u00e9 sur les fonts par Eric Dussert dans sa collection l&#8217;Alambic, il en signe la pr\u00e9face \u00e9clair\u00e9e. Un livre marquant et une journ\u00e9e \u00e0 marquer d&#8217;une pierre grise mais br\u00fblante.<\/p>\n","protected":false},"excerpt":{"rendered":"<p>C&#8217;est aujourd&#8217;hui que rena\u00eet une nouvelle \u00e9dition du Aubervilliers de L\u00e9on Bonneff, mythique roman fondateur d&#8217;une certaine litt\u00e9rature prol\u00e9tarienne et immersion aussi fascinante qu&#8217;\u00e9reintante dans l&#8217;univers des damn\u00e9s de cette banlieue pas encore rouge. Port\u00e9 sur les fonts par Eric Dussert dans sa collection l&#8217;Alambic, il en signe la pr\u00e9face \u00e9clair\u00e9e. Un livre marquant et [&hellip;]<\/p>\n","protected":false},"author":2,"featured_media":3316,"comment_status":"closed","ping_status":"closed","sticky":false,"template":"","format":"standard","meta":{"footnotes":""},"categories":[9],"tags":[76,64,121,75,74],"class_list":["post-3389","post","type-post","status-publish","format-standard","has-post-thumbnail","hentry","category-actu","tag-aubervilliers","tag-eric-dussert","tag-lalambic-2","tag-leon-bonneff","tag-roman-proletarien"],"_links":{"self":[{"href":"https:\/\/www.arbre-vengeur.fr\/index.php?rest_route=\/wp\/v2\/posts\/3389","targetHints":{"allow":["GET"]}}],"collection":[{"href":"https:\/\/www.arbre-vengeur.fr\/index.php?rest_route=\/wp\/v2\/posts"}],"about":[{"href":"https:\/\/www.arbre-vengeur.fr\/index.php?rest_route=\/wp\/v2\/types\/post"}],"author":[{"embeddable":true,"href":"https:\/\/www.arbre-vengeur.fr\/index.php?rest_route=\/wp\/v2\/users\/2"}],"replies":[{"embeddable":true,"href":"https:\/\/www.arbre-vengeur.fr\/index.php?rest_route=%2Fwp%2Fv2%2Fcomments&post=3389"}],"version-history":[{"count":1,"href":"https:\/\/www.arbre-vengeur.fr\/index.php?rest_route=\/wp\/v2\/posts\/3389\/revisions"}],"predecessor-version":[{"id":3390,"href":"https:\/\/www.arbre-vengeur.fr\/index.php?rest_route=\/wp\/v2\/posts\/3389\/revisions\/3390"}],"wp:featuredmedia":[{"embeddable":true,"href":"https:\/\/www.arbre-vengeur.fr\/index.php?rest_route=\/wp\/v2\/media\/3316"}],"wp:attachment":[{"href":"https:\/\/www.arbre-vengeur.fr\/index.php?rest_route=%2Fwp%2Fv2%2Fmedia&parent=3389"}],"wp:term":[{"taxonomy":"category","embeddable":true,"href":"https:\/\/www.arbre-vengeur.fr\/index.php?rest_route=%2Fwp%2Fv2%2Fcategories&post=3389"},{"taxonomy":"post_tag","embeddable":true,"href":"https:\/\/www.arbre-vengeur.fr\/index.php?rest_route=%2Fwp%2Fv2%2Ftags&post=3389"}],"curies":[{"name":"wp","href":"https:\/\/api.w.org\/{rel}","templated":true}]}}