{"id":3392,"date":"2015-04-14T20:44:02","date_gmt":"2015-04-14T19:44:02","guid":{"rendered":"https:\/\/www.arbre-vengeur.fr\/?p=3392"},"modified":"2015-04-14T20:44:02","modified_gmt":"2015-04-14T19:44:02","slug":"le-chapeau-de-patrice-delbourg","status":"publish","type":"post","link":"https:\/\/www.arbre-vengeur.fr\/?p=3392","title":{"rendered":"Le chapeau de Patrice Delbourg"},"content":{"rendered":"<p>Toujours accompagn\u00e9 de son fameux couvre-chef dont il ne se s\u00e9pare pas, <strong>Patrice Delbourg<\/strong> parle volontiers de ses livres face aux cam\u00e9ras. Le voici en train d&#8217;\u00e9voquer la r\u00e9\u00e9dition d&#8221;<em><strong>Un certain Blatte<\/strong><\/em> \u00e0 notre catalogue. Une occasion de remarquer que les hommes de style le sont tout autant \u00e0 l&#8217;oral qu&#8217;\u00e0 l&#8217;\u00e9crit. A d\u00e9couvrir <a href=\"https:\/\/www.youtube.com\/watch?v=oM8Q-LWDvyE\" rel=\"lightbox-video-0\"><strong>ici<\/strong><\/a>.<\/p>\n","protected":false},"excerpt":{"rendered":"<p>Toujours accompagn\u00e9 de son fameux couvre-chef dont il ne se s\u00e9pare pas, Patrice Delbourg parle volontiers de ses livres face aux cam\u00e9ras. Le voici en train d&#8217;\u00e9voquer la r\u00e9\u00e9dition d&#8221;Un certain Blatte \u00e0 notre catalogue. Une occasion de remarquer que les hommes de style le sont tout autant \u00e0 l&#8217;oral qu&#8217;\u00e0 l&#8217;\u00e9crit. A d\u00e9couvrir ici.<\/p>\n","protected":false},"author":2,"featured_media":3394,"comment_status":"closed","ping_status":"closed","sticky":false,"template":"","format":"standard","meta":{"footnotes":""},"categories":[9],"tags":[],"class_list":["post-3392","post","type-post","status-publish","format-standard","has-post-thumbnail","hentry","category-actu"],"_links":{"self":[{"href":"https:\/\/www.arbre-vengeur.fr\/index.php?rest_route=\/wp\/v2\/posts\/3392","targetHints":{"allow":["GET"]}}],"collection":[{"href":"https:\/\/www.arbre-vengeur.fr\/index.php?rest_route=\/wp\/v2\/posts"}],"about":[{"href":"https:\/\/www.arbre-vengeur.fr\/index.php?rest_route=\/wp\/v2\/types\/post"}],"author":[{"embeddable":true,"href":"https:\/\/www.arbre-vengeur.fr\/index.php?rest_route=\/wp\/v2\/users\/2"}],"replies":[{"embeddable":true,"href":"https:\/\/www.arbre-vengeur.fr\/index.php?rest_route=%2Fwp%2Fv2%2Fcomments&post=3392"}],"version-history":[{"count":1,"href":"https:\/\/www.arbre-vengeur.fr\/index.php?rest_route=\/wp\/v2\/posts\/3392\/revisions"}],"predecessor-version":[{"id":3395,"href":"https:\/\/www.arbre-vengeur.fr\/index.php?rest_route=\/wp\/v2\/posts\/3392\/revisions\/3395"}],"wp:featuredmedia":[{"embeddable":true,"href":"https:\/\/www.arbre-vengeur.fr\/index.php?rest_route=\/wp\/v2\/media\/3394"}],"wp:attachment":[{"href":"https:\/\/www.arbre-vengeur.fr\/index.php?rest_route=%2Fwp%2Fv2%2Fmedia&parent=3392"}],"wp:term":[{"taxonomy":"category","embeddable":true,"href":"https:\/\/www.arbre-vengeur.fr\/index.php?rest_route=%2Fwp%2Fv2%2Fcategories&post=3392"},{"taxonomy":"post_tag","embeddable":true,"href":"https:\/\/www.arbre-vengeur.fr\/index.php?rest_route=%2Fwp%2Fv2%2Ftags&post=3392"}],"curies":[{"name":"wp","href":"https:\/\/api.w.org\/{rel}","templated":true}]}}