{"id":3441,"date":"2015-04-28T18:06:42","date_gmt":"2015-04-28T17:06:42","guid":{"rendered":"https:\/\/www.arbre-vengeur.fr\/?p=3441"},"modified":"2015-04-28T18:06:42","modified_gmt":"2015-04-28T17:06:42","slug":"un-nouveau-clou-dans-larbre-belge","status":"publish","type":"post","link":"https:\/\/www.arbre-vengeur.fr\/?p=3441","title":{"rendered":"Un nouveau clou dans l&#8217;arbre belge"},"content":{"rendered":"<p>Avec <a title=\"L\u2019Enfant du Crapaud\" href=\"https:\/\/www.arbre-vengeur.fr\/?p=3419\"><em><strong>L&#8217;enfant du Crapaud<\/strong><\/em><\/a> de<a title=\"Lemonnier, Camille\" href=\"https:\/\/www.arbre-vengeur.fr\/?p=3418\"> <strong>Camille Lemonnier<\/strong><\/a>, c&#8217;est un troisi\u00e8me titre qui vient s&#8217;ajouter \u00e0 la jeune collection dirig\u00e9e par Fr\u00e9d\u00e9ric Saenen consacr\u00e9e aux Lettres belges, <em>L&#8217;arbre \u00e0 clous<\/em>. Recueil de nouvelles fichtrement culott\u00e9 qui permet de retrouver (ou d\u00e9couvrir enfin) la verve folle d&#8217;un auteur qu&#8217;on h\u00e9site encore \u00e0 classer dans telle ou telle \u00e9cole tant il semble \u00e9chapper aux normes, cet ensemble de nouvelles s&#8217;ouvre par une gr\u00e8ve rude men\u00e9e par des hommes \u00e0 bout auxquels une passionaria offrira son corps des jours durant afin d&#8217;enfanter&#8230;le sauveur, celui qui brisera la damnation du charbon. On reste pantois devant l&#8217;\u00e9nergie, la d\u00e9mesure et l&#8217;humour noir d&#8217;un \u00e9crivain que sa prolixit\u00e9 n&#8217;aura pas servi. Retrouvez-le ici ou de l&#8217;autre c\u00f4t\u00e9 de la fronti\u00e8re \u00e0 partir du 19 juin.<\/p>\n","protected":false},"excerpt":{"rendered":"<p>Avec L&#8217;enfant du Crapaud de Camille Lemonnier, c&#8217;est un troisi\u00e8me titre qui vient s&#8217;ajouter \u00e0 la jeune collection dirig\u00e9e par Fr\u00e9d\u00e9ric Saenen consacr\u00e9e aux Lettres belges, L&#8217;arbre \u00e0 clous. Recueil de nouvelles fichtrement culott\u00e9 qui permet de retrouver (ou d\u00e9couvrir enfin) la verve folle d&#8217;un auteur qu&#8217;on h\u00e9site encore \u00e0 classer dans telle ou telle [&hellip;]<\/p>\n","protected":false},"author":2,"featured_media":3414,"comment_status":"closed","ping_status":"closed","sticky":false,"template":"","format":"standard","meta":{"footnotes":""},"categories":[9],"tags":[127,128,129,132,131,130],"class_list":["post-3441","post","type-post","status-publish","format-standard","has-post-thumbnail","hentry","category-actu","tag-arbre-a-clous","tag-camille-lemonnier","tag-enfant-du-crapaud","tag-frederic-saenen","tag-lettres-belges","tag-naturalisme"],"_links":{"self":[{"href":"https:\/\/www.arbre-vengeur.fr\/index.php?rest_route=\/wp\/v2\/posts\/3441","targetHints":{"allow":["GET"]}}],"collection":[{"href":"https:\/\/www.arbre-vengeur.fr\/index.php?rest_route=\/wp\/v2\/posts"}],"about":[{"href":"https:\/\/www.arbre-vengeur.fr\/index.php?rest_route=\/wp\/v2\/types\/post"}],"author":[{"embeddable":true,"href":"https:\/\/www.arbre-vengeur.fr\/index.php?rest_route=\/wp\/v2\/users\/2"}],"replies":[{"embeddable":true,"href":"https:\/\/www.arbre-vengeur.fr\/index.php?rest_route=%2Fwp%2Fv2%2Fcomments&post=3441"}],"version-history":[{"count":1,"href":"https:\/\/www.arbre-vengeur.fr\/index.php?rest_route=\/wp\/v2\/posts\/3441\/revisions"}],"predecessor-version":[{"id":3442,"href":"https:\/\/www.arbre-vengeur.fr\/index.php?rest_route=\/wp\/v2\/posts\/3441\/revisions\/3442"}],"wp:featuredmedia":[{"embeddable":true,"href":"https:\/\/www.arbre-vengeur.fr\/index.php?rest_route=\/wp\/v2\/media\/3414"}],"wp:attachment":[{"href":"https:\/\/www.arbre-vengeur.fr\/index.php?rest_route=%2Fwp%2Fv2%2Fmedia&parent=3441"}],"wp:term":[{"taxonomy":"category","embeddable":true,"href":"https:\/\/www.arbre-vengeur.fr\/index.php?rest_route=%2Fwp%2Fv2%2Fcategories&post=3441"},{"taxonomy":"post_tag","embeddable":true,"href":"https:\/\/www.arbre-vengeur.fr\/index.php?rest_route=%2Fwp%2Fv2%2Ftags&post=3441"}],"curies":[{"name":"wp","href":"https:\/\/api.w.org\/{rel}","templated":true}]}}