{"id":3474,"date":"2015-06-19T14:49:38","date_gmt":"2015-06-19T13:49:38","guid":{"rendered":"https:\/\/www.arbre-vengeur.fr\/?p=3474"},"modified":"2015-06-20T14:56:19","modified_gmt":"2015-06-20T13:56:19","slug":"un-troisieme-coup-de-marteau","status":"publish","type":"post","link":"https:\/\/www.arbre-vengeur.fr\/?p=3474","title":{"rendered":"Un troisi\u00e8me coup de marteau"},"content":{"rendered":"<p>Troisi\u00e8me volume de la collection de Fr\u00e9d\u00e9ric Saenen consacr\u00e9e \u00e0 la litt\u00e9rature belge, <a title=\"L\u2019Enfant du Crapaud\" href=\"https:\/\/www.arbre-vengeur.fr\/?p=3419\"><em><strong>L&#8217;enfant du crapaud<\/strong><\/em><\/a> permettra aux curieux de red\u00e9couvrir la figure haute en couleurs de <a title=\"Lemonnier, Camille\" href=\"https:\/\/www.arbre-vengeur.fr\/?p=3418\"><strong>Camille Lemonnier<\/strong><\/a>, cet auteur mort en 1913 qui choqua souvent les bourgeois de son temps avec sa prose folle et son inspiration fr\u00e9n\u00e9tique. Ce recueil de nouvelles permettra de se faire une belle id\u00e9e de ses talents et de sa noirceur gorg\u00e9e d&#8217;ironie. Un nouveau clou dans l&#8217;arbre du m\u00eame nom qui para\u00eet donc ce vendredi dans toute l&#8217;Europe&#8230;francophone&#8230;<\/p>\n","protected":false},"excerpt":{"rendered":"<p>Troisi\u00e8me volume de la collection de Fr\u00e9d\u00e9ric Saenen consacr\u00e9e \u00e0 la litt\u00e9rature belge, L&#8217;enfant du crapaud permettra aux curieux de red\u00e9couvrir la figure haute en couleurs de Camille Lemonnier, cet auteur mort en 1913 qui choqua souvent les bourgeois de son temps avec sa prose folle et son inspiration fr\u00e9n\u00e9tique. Ce recueil de nouvelles permettra [&hellip;]<\/p>\n","protected":false},"author":2,"featured_media":3414,"comment_status":"closed","ping_status":"closed","sticky":false,"template":"","format":"standard","meta":{"footnotes":""},"categories":[9],"tags":[127,128,132,135,131],"class_list":["post-3474","post","type-post","status-publish","format-standard","has-post-thumbnail","hentry","category-actu","tag-arbre-a-clous","tag-camille-lemonnier","tag-frederic-saenen","tag-lenfant-du-crapaud","tag-lettres-belges"],"_links":{"self":[{"href":"https:\/\/www.arbre-vengeur.fr\/index.php?rest_route=\/wp\/v2\/posts\/3474","targetHints":{"allow":["GET"]}}],"collection":[{"href":"https:\/\/www.arbre-vengeur.fr\/index.php?rest_route=\/wp\/v2\/posts"}],"about":[{"href":"https:\/\/www.arbre-vengeur.fr\/index.php?rest_route=\/wp\/v2\/types\/post"}],"author":[{"embeddable":true,"href":"https:\/\/www.arbre-vengeur.fr\/index.php?rest_route=\/wp\/v2\/users\/2"}],"replies":[{"embeddable":true,"href":"https:\/\/www.arbre-vengeur.fr\/index.php?rest_route=%2Fwp%2Fv2%2Fcomments&post=3474"}],"version-history":[{"count":1,"href":"https:\/\/www.arbre-vengeur.fr\/index.php?rest_route=\/wp\/v2\/posts\/3474\/revisions"}],"predecessor-version":[{"id":3475,"href":"https:\/\/www.arbre-vengeur.fr\/index.php?rest_route=\/wp\/v2\/posts\/3474\/revisions\/3475"}],"wp:featuredmedia":[{"embeddable":true,"href":"https:\/\/www.arbre-vengeur.fr\/index.php?rest_route=\/wp\/v2\/media\/3414"}],"wp:attachment":[{"href":"https:\/\/www.arbre-vengeur.fr\/index.php?rest_route=%2Fwp%2Fv2%2Fmedia&parent=3474"}],"wp:term":[{"taxonomy":"category","embeddable":true,"href":"https:\/\/www.arbre-vengeur.fr\/index.php?rest_route=%2Fwp%2Fv2%2Fcategories&post=3474"},{"taxonomy":"post_tag","embeddable":true,"href":"https:\/\/www.arbre-vengeur.fr\/index.php?rest_route=%2Fwp%2Fv2%2Ftags&post=3474"}],"curies":[{"name":"wp","href":"https:\/\/api.w.org\/{rel}","templated":true}]}}