{"id":3622,"date":"2015-10-28T21:48:27","date_gmt":"2015-10-28T20:48:27","guid":{"rendered":"https:\/\/www.arbre-vengeur.fr\/?p=3622"},"modified":"2015-11-18T21:38:40","modified_gmt":"2015-11-18T20:38:40","slug":"lami-des-libraires","status":"publish","type":"post","link":"https:\/\/www.arbre-vengeur.fr\/?p=3622","title":{"rendered":"L&#8217;ami des libraires"},"content":{"rendered":"<p>A d\u00e9faut d&#8217;\u00eatre celui d&#8217;une presse aussi gr\u00e9gaire qu&#8217;ignorante, <a title=\"Mes amis\" href=\"https:\/\/www.arbre-vengeur.fr\/?p=3426\"><em><strong>Mes amis<\/strong><\/em><\/a> s&#8217;est affirm\u00e9 en quelques semaines comme le compagnon de ces libraires qui ont plac\u00e9 une certaine forme d&#8217;exigence en t\u00eate de leur pr\u00e9occupation, conscients qu&#8217;un premier roman des ann\u00e9es vingt a peut-\u00eatre tout autant de force sinon plus qu&#8217;une p\u00e2le nouveaut\u00e9 que l&#8217;hiver enterrera. On risquerait en manquer car nous sommes loin de la plupart d&#8217;entre eux mais notons les librairies <strong>Quai des brumes<\/strong> \u00e0 Strasbourg, <strong>La Machine \u00e0 lire<\/strong> \u00e0 Bordeaux, <strong>Les Sandales d&#8217;Emp\u00e9docle<\/strong> \u00e0 Besan\u00e7on, <strong>L&#8217;Usage du monde<\/strong> \u00e0 Paris, <a title=\"blog Mes amis Ombres blanches\" href=\"http:\/\/blog.ombres-blanches.fr\/2015\/11\/14\/mes-amis-emmanuel-bove\/\"><strong>Ombres blanches<\/strong><\/a> \u00e0 Toulouse ou <strong>Ptyx<\/strong> \u00e0 Ixelles qui remarque que &#8220;peu de textes r\u00e9ussissent \u00e0 conjuguer heureusement tendresse et po\u00e9sie&#8221; comme le fait le roman d&#8217;Emmanuel Bove.\u00a0 Le dieu de la litt\u00e9rature reconna\u00eetra les siens&#8230;<\/p>\n","protected":false},"excerpt":{"rendered":"<p>A d\u00e9faut d&#8217;\u00eatre celui d&#8217;une presse aussi gr\u00e9gaire qu&#8217;ignorante, Mes amis s&#8217;est affirm\u00e9 en quelques semaines comme le compagnon de ces libraires qui ont plac\u00e9 une certaine forme d&#8217;exigence en t\u00eate de leur pr\u00e9occupation, conscients qu&#8217;un premier roman des ann\u00e9es vingt a peut-\u00eatre tout autant de force sinon plus qu&#8217;une p\u00e2le nouveaut\u00e9 que l&#8217;hiver enterrera. [&hellip;]<\/p>\n","protected":false},"author":2,"featured_media":3623,"comment_status":"closed","ping_status":"closed","sticky":false,"template":"","format":"standard","meta":{"footnotes":""},"categories":[9],"tags":[143,157,158,144,154,160,156,159],"class_list":["post-3622","post","type-post","status-publish","format-standard","has-post-thumbnail","hentry","category-actu","tag-bove","tag-librairies","tag-machine-a-lire","tag-mes-amis","tag-ptyx","tag-quai-des-brumes","tag-sandales-dempedocle","tag-usage-du-monde"],"_links":{"self":[{"href":"https:\/\/www.arbre-vengeur.fr\/index.php?rest_route=\/wp\/v2\/posts\/3622","targetHints":{"allow":["GET"]}}],"collection":[{"href":"https:\/\/www.arbre-vengeur.fr\/index.php?rest_route=\/wp\/v2\/posts"}],"about":[{"href":"https:\/\/www.arbre-vengeur.fr\/index.php?rest_route=\/wp\/v2\/types\/post"}],"author":[{"embeddable":true,"href":"https:\/\/www.arbre-vengeur.fr\/index.php?rest_route=\/wp\/v2\/users\/2"}],"replies":[{"embeddable":true,"href":"https:\/\/www.arbre-vengeur.fr\/index.php?rest_route=%2Fwp%2Fv2%2Fcomments&post=3622"}],"version-history":[{"count":5,"href":"https:\/\/www.arbre-vengeur.fr\/index.php?rest_route=\/wp\/v2\/posts\/3622\/revisions"}],"predecessor-version":[{"id":3654,"href":"https:\/\/www.arbre-vengeur.fr\/index.php?rest_route=\/wp\/v2\/posts\/3622\/revisions\/3654"}],"wp:featuredmedia":[{"embeddable":true,"href":"https:\/\/www.arbre-vengeur.fr\/index.php?rest_route=\/wp\/v2\/media\/3623"}],"wp:attachment":[{"href":"https:\/\/www.arbre-vengeur.fr\/index.php?rest_route=%2Fwp%2Fv2%2Fmedia&parent=3622"}],"wp:term":[{"taxonomy":"category","embeddable":true,"href":"https:\/\/www.arbre-vengeur.fr\/index.php?rest_route=%2Fwp%2Fv2%2Fcategories&post=3622"},{"taxonomy":"post_tag","embeddable":true,"href":"https:\/\/www.arbre-vengeur.fr\/index.php?rest_route=%2Fwp%2Fv2%2Ftags&post=3622"}],"curies":[{"name":"wp","href":"https:\/\/api.w.org\/{rel}","templated":true}]}}