{"id":3750,"date":"2015-12-19T11:47:02","date_gmt":"2015-12-19T10:47:02","guid":{"rendered":"https:\/\/www.arbre-vengeur.fr\/?p=3750"},"modified":"2015-12-19T11:47:02","modified_gmt":"2015-12-19T10:47:02","slug":"voeux-damitie","status":"publish","type":"post","link":"https:\/\/www.arbre-vengeur.fr\/?p=3750","title":{"rendered":"V\u0153ux d&#8217;amiti\u00e9"},"content":{"rendered":"<p>Le rapprochement n&#8217;est peut-\u00eatre pas si \u00e9trange que cela : \u00e9voquer les amis vus par <strong>Emmanuel Bove<\/strong> dans son roman \u00e9ponyme et les amis croqu\u00e9s par Semp\u00e9 dans son dernier album. &#8220;C&#8217;est un livre doux et m\u00e9lancolique, path\u00e9tique sans mis\u00e9rabilisme, \u00e9crit dans une langue oubli\u00e9e. Bove avait le g\u00e9nie de parler de soi sans parler de lui&#8221;, \u00e9crit Pierre <strong>Assouline<\/strong> dans son <a href=\"http:\/\/www.magazine-litteraire.com\/mensuel\/563\/meilleurs-voeux-amitie-2016-01-01-2016-137694\"><strong>\u00e9ditorial du Magazine litt\u00e9raire<\/strong><\/a> \u00e0 propos du premier. Nous vous laisserons d\u00e9couvrir comment survient le second, Bordelais tiens, on l&#8217;oublie trop souvent.<\/p>\n","protected":false},"excerpt":{"rendered":"<p>Le rapprochement n&#8217;est peut-\u00eatre pas si \u00e9trange que cela : \u00e9voquer les amis vus par Emmanuel Bove dans son roman \u00e9ponyme et les amis croqu\u00e9s par Semp\u00e9 dans son dernier album. &#8220;C&#8217;est un livre doux et m\u00e9lancolique, path\u00e9tique sans mis\u00e9rabilisme, \u00e9crit dans une langue oubli\u00e9e. Bove avait le g\u00e9nie de parler de soi sans parler [&hellip;]<\/p>\n","protected":false},"author":2,"featured_media":3751,"comment_status":"closed","ping_status":"closed","sticky":false,"template":"","format":"standard","meta":{"footnotes":""},"categories":[9],"tags":[191,143,144,189,190],"class_list":["post-3750","post","type-post","status-publish","format-standard","has-post-thumbnail","hentry","category-actu","tag-amitie","tag-bove","tag-mes-amis","tag-pierre-assouline","tag-sempe"],"_links":{"self":[{"href":"https:\/\/www.arbre-vengeur.fr\/index.php?rest_route=\/wp\/v2\/posts\/3750","targetHints":{"allow":["GET"]}}],"collection":[{"href":"https:\/\/www.arbre-vengeur.fr\/index.php?rest_route=\/wp\/v2\/posts"}],"about":[{"href":"https:\/\/www.arbre-vengeur.fr\/index.php?rest_route=\/wp\/v2\/types\/post"}],"author":[{"embeddable":true,"href":"https:\/\/www.arbre-vengeur.fr\/index.php?rest_route=\/wp\/v2\/users\/2"}],"replies":[{"embeddable":true,"href":"https:\/\/www.arbre-vengeur.fr\/index.php?rest_route=%2Fwp%2Fv2%2Fcomments&post=3750"}],"version-history":[{"count":1,"href":"https:\/\/www.arbre-vengeur.fr\/index.php?rest_route=\/wp\/v2\/posts\/3750\/revisions"}],"predecessor-version":[{"id":3752,"href":"https:\/\/www.arbre-vengeur.fr\/index.php?rest_route=\/wp\/v2\/posts\/3750\/revisions\/3752"}],"wp:featuredmedia":[{"embeddable":true,"href":"https:\/\/www.arbre-vengeur.fr\/index.php?rest_route=\/wp\/v2\/media\/3751"}],"wp:attachment":[{"href":"https:\/\/www.arbre-vengeur.fr\/index.php?rest_route=%2Fwp%2Fv2%2Fmedia&parent=3750"}],"wp:term":[{"taxonomy":"category","embeddable":true,"href":"https:\/\/www.arbre-vengeur.fr\/index.php?rest_route=%2Fwp%2Fv2%2Fcategories&post=3750"},{"taxonomy":"post_tag","embeddable":true,"href":"https:\/\/www.arbre-vengeur.fr\/index.php?rest_route=%2Fwp%2Fv2%2Ftags&post=3750"}],"curies":[{"name":"wp","href":"https:\/\/api.w.org\/{rel}","templated":true}]}}