{"id":4135,"date":"2016-11-22T22:29:33","date_gmt":"2016-11-22T21:29:33","guid":{"rendered":"https:\/\/www.arbre-vengeur.fr\/?p=4135"},"modified":"2020-10-29T13:08:37","modified_gmt":"2020-10-29T12:08:37","slug":"bernanos-michel","status":"publish","type":"post","link":"https:\/\/www.arbre-vengeur.fr\/?p=4135","title":{"rendered":"Bernanos, Michel"},"content":{"rendered":"<p class=\"p1\">Michel Bernanos, n\u00e9 le 20 janvier 1923 \u00e0 Fressin et mort le 27 juillet 1964 dans la for\u00eat de Fontainebleau, se consid\u00e9rait autant po\u00e8te que romancier. Il a r\u00e9ussi \u00e0 imposer son pr\u00e9nom gr\u00e2ce \u00e0 une oeuvre dont il n&#8217;aura jamais pu mesurer la port\u00e9e, ses titres principaux ayant \u00e9t\u00e9 publi\u00e9s apr\u00e8s son suicide. Quatri\u00e8me enfant de Georges Bernanos, il v\u00e9cut avec lui l\u2019\u00e9pop\u00e9e br\u00e9silienne qui vit la famille s\u2019essayer \u00e0 l\u2019\u00e9levage. Il d\u00e9couvrit, en parcourant les grands espaces \u00e0 cheval, l\u2019infinie beaut\u00e9 de ce continent qui nourrira toute son oeuvre. Engag\u00e9 dans les Forces Navales Libres d\u00e8s 1940, il fera le d\u00e9barquement avant de revenir au Br\u00e9sil dans une plantation d\u2019h\u00e9v\u00e9as.<\/p>\n<p class=\"p1\">Se lan\u00e7ant dans l\u2019\u00e9criture, il choisit les pseudonymes de Michel Talbert et Michel Drowin pour ses oeuvres polici\u00e8res et fantastiques.<\/p>\n<p class=\"p1\">On lui doit notamment un cycle fantastique et initiatique inspir\u00e9 par ses deux s\u00e9jours outre-Atlantique entre 1938 et 1948, centr\u00e9 autour du roman <em>La Montagne morte de la vie<\/em> \u00e9dit\u00e9 par Jean-Jacques Pauvert en 1967. S&#8217;y adjoignent <em>Le Murmure des Dieux<\/em> (1964) et <em>L&#8217;envers de l&#8217;\u00e9peron<\/em> (posthume, 1984) tous deux publi\u00e9s \u00e0 La Table Ronde et r\u00e9\u00e9dit\u00e9s par L&#8217;Arbre vengeur.<\/p>\n<p class=\"p1\">Le conte <em>Ils ont d\u00e9chir\u00e9 Son image\u2026<\/em> devait compl\u00e9ter l\u2019ensemble ; il ne para\u00eetra qu\u2019en 1982 et sera repris dans le recueil <em>La for\u00eat complice<\/em> (le castor astral, 1987). Nous l&#8217;avons inclus dans notre \u00e9dition de <em>La Montagne morte de la vie.<\/em><\/p>\n","protected":false},"excerpt":{"rendered":"<p>Michel Bernanos, n\u00e9 le 20 janvier 1923 \u00e0 Fressin et mort le 27 juillet 1964 dans la for\u00eat de Fontainebleau, se consid\u00e9rait autant po\u00e8te que romancier. Il a r\u00e9ussi \u00e0 imposer son pr\u00e9nom gr\u00e2ce \u00e0 une oeuvre dont il n&#8217;aura jamais pu mesurer la port\u00e9e, ses titres principaux ayant \u00e9t\u00e9 publi\u00e9s apr\u00e8s son suicide. Quatri\u00e8me [&hellip;]<\/p>\n","protected":false},"author":5,"featured_media":4137,"comment_status":"closed","ping_status":"closed","sticky":false,"template":"","format":"standard","meta":{"footnotes":""},"categories":[10],"tags":[],"class_list":["post-4135","post","type-post","status-publish","format-standard","has-post-thumbnail","hentry","category-auteur"],"_links":{"self":[{"href":"https:\/\/www.arbre-vengeur.fr\/index.php?rest_route=\/wp\/v2\/posts\/4135","targetHints":{"allow":["GET"]}}],"collection":[{"href":"https:\/\/www.arbre-vengeur.fr\/index.php?rest_route=\/wp\/v2\/posts"}],"about":[{"href":"https:\/\/www.arbre-vengeur.fr\/index.php?rest_route=\/wp\/v2\/types\/post"}],"author":[{"embeddable":true,"href":"https:\/\/www.arbre-vengeur.fr\/index.php?rest_route=\/wp\/v2\/users\/5"}],"replies":[{"embeddable":true,"href":"https:\/\/www.arbre-vengeur.fr\/index.php?rest_route=%2Fwp%2Fv2%2Fcomments&post=4135"}],"version-history":[{"count":3,"href":"https:\/\/www.arbre-vengeur.fr\/index.php?rest_route=\/wp\/v2\/posts\/4135\/revisions"}],"predecessor-version":[{"id":6627,"href":"https:\/\/www.arbre-vengeur.fr\/index.php?rest_route=\/wp\/v2\/posts\/4135\/revisions\/6627"}],"wp:featuredmedia":[{"embeddable":true,"href":"https:\/\/www.arbre-vengeur.fr\/index.php?rest_route=\/wp\/v2\/media\/4137"}],"wp:attachment":[{"href":"https:\/\/www.arbre-vengeur.fr\/index.php?rest_route=%2Fwp%2Fv2%2Fmedia&parent=4135"}],"wp:term":[{"taxonomy":"category","embeddable":true,"href":"https:\/\/www.arbre-vengeur.fr\/index.php?rest_route=%2Fwp%2Fv2%2Fcategories&post=4135"},{"taxonomy":"post_tag","embeddable":true,"href":"https:\/\/www.arbre-vengeur.fr\/index.php?rest_route=%2Fwp%2Fv2%2Ftags&post=4135"}],"curies":[{"name":"wp","href":"https:\/\/api.w.org\/{rel}","templated":true}]}}