{"id":4136,"date":"2016-11-22T22:37:58","date_gmt":"2016-11-22T21:37:58","guid":{"rendered":"https:\/\/www.arbre-vengeur.fr\/?p=4136"},"modified":"2022-05-31T08:57:13","modified_gmt":"2022-05-31T07:57:13","slug":"la-montagne-morte-de-la-viesuivi-de-ils-ont-dechire-son-image","status":"publish","type":"post","link":"https:\/\/www.arbre-vengeur.fr\/?p=4136","title":{"rendered":"La Montagne morte de la vie<h4>suivi de <e>\u201cIls ont d\u00e9chir\u00e9 Son image\u2026\u201d<\/e><\/h4>"},"content":{"rendered":"<p class=\"p1\">Mousse embarqu\u00e9 de force sur un bateau o\u00f9 l\u2019\u00e9quipage ne lui \u00e9pargne rien, le narrateur de cette histoire raconte sa vie en mer, entre les privations, les s\u00e9vices et la cruaut\u00e9 des marins, mais sous la protection du cuistot. Ce dernier comprend vite qu\u2019avec le vent qui tombe se pr\u00e9parent des temps terribles et que la vie sur un galion immobile va devenir un enfer.<\/p>\n<p class=\"p1\">C\u2019est ainsi que d\u00e9bute un des romans fantastiques les plus saisissants de la litt\u00e9rature fran\u00e7aise, transformant une aventure maritime en conte initiatique : dans le sillage des deux rescap\u00e9s fascin\u00e9s par la montagne qui domine l\u2019\u00eele o\u00f9 ils ont \u00e9chou\u00e9 et qui semble avoir \u00e9t\u00e9 d\u00e9sert\u00e9e par les humains, un univers aussi fabuleux qu\u2019inqui\u00e9tant \u00e9merge de la roche.<\/p>\n<p class=\"p1\">\u00c0 l\u2019ombre d\u2019un p\u00e8re immense, un seul livre, posthume, a permis \u00e0 Michel Bernanos, de se faire un pr\u00e9nom. <em>La Montagne morte de la vie<\/em> est de ceux dont les images et les visions vous poursuivent toute une vie.<\/p>\n","protected":false},"excerpt":{"rendered":"<p>Mousse embarqu\u00e9 de force sur un bateau o\u00f9 l\u2019\u00e9quipage ne lui \u00e9pargne rien, le narrateur de cette histoire raconte sa vie en mer, entre les privations, les s\u00e9vices et la cruaut\u00e9 des marins, mais sous la protection du cuistot. Ce dernier comprend vite qu\u2019avec le vent qui tombe se pr\u00e9parent des temps terribles et que [&hellip;]<\/p>\n","protected":false},"author":5,"featured_media":4140,"comment_status":"closed","ping_status":"closed","sticky":false,"template":"","format":"standard","meta":{"footnotes":""},"categories":[612,4],"tags":[244,245,246],"class_list":["post-4136","post","type-post","status-publish","format-standard","has-post-thumbnail","hentry","category-litterature-de-limaginaire","category-livres-parus","tag-bernanos","tag-michel-bernanos","tag-montagne-morte-de-la-vie"],"_links":{"self":[{"href":"https:\/\/www.arbre-vengeur.fr\/index.php?rest_route=\/wp\/v2\/posts\/4136","targetHints":{"allow":["GET"]}}],"collection":[{"href":"https:\/\/www.arbre-vengeur.fr\/index.php?rest_route=\/wp\/v2\/posts"}],"about":[{"href":"https:\/\/www.arbre-vengeur.fr\/index.php?rest_route=\/wp\/v2\/types\/post"}],"author":[{"embeddable":true,"href":"https:\/\/www.arbre-vengeur.fr\/index.php?rest_route=\/wp\/v2\/users\/5"}],"replies":[{"embeddable":true,"href":"https:\/\/www.arbre-vengeur.fr\/index.php?rest_route=%2Fwp%2Fv2%2Fcomments&post=4136"}],"version-history":[{"count":2,"href":"https:\/\/www.arbre-vengeur.fr\/index.php?rest_route=\/wp\/v2\/posts\/4136\/revisions"}],"predecessor-version":[{"id":4173,"href":"https:\/\/www.arbre-vengeur.fr\/index.php?rest_route=\/wp\/v2\/posts\/4136\/revisions\/4173"}],"wp:featuredmedia":[{"embeddable":true,"href":"https:\/\/www.arbre-vengeur.fr\/index.php?rest_route=\/wp\/v2\/media\/4140"}],"wp:attachment":[{"href":"https:\/\/www.arbre-vengeur.fr\/index.php?rest_route=%2Fwp%2Fv2%2Fmedia&parent=4136"}],"wp:term":[{"taxonomy":"category","embeddable":true,"href":"https:\/\/www.arbre-vengeur.fr\/index.php?rest_route=%2Fwp%2Fv2%2Fcategories&post=4136"},{"taxonomy":"post_tag","embeddable":true,"href":"https:\/\/www.arbre-vengeur.fr\/index.php?rest_route=%2Fwp%2Fv2%2Ftags&post=4136"}],"curies":[{"name":"wp","href":"https:\/\/api.w.org\/{rel}","templated":true}]}}