{"id":4343,"date":"2017-05-02T14:09:26","date_gmt":"2017-05-02T13:09:26","guid":{"rendered":"https:\/\/www.arbre-vengeur.fr\/?p=4343"},"modified":"2021-06-13T22:23:26","modified_gmt":"2021-06-13T21:23:26","slug":"lhomme-que-les-arbres-aimaient-nouvelle-edition","status":"publish","type":"post","link":"https:\/\/www.arbre-vengeur.fr\/?p=4343","title":{"rendered":"L&#8217;homme que les arbres aimaient <h4>(nouvelle \u00e9dition)<\/h4>"},"content":{"rendered":"<p class=\"p1\">Consid\u00e9r\u00e9 par Lovecraft comme son \u00e9gal, c\u00e9l\u00e9br\u00e9 pendant des d\u00e9cennies comme l\u2019un des ma\u00eetres du fantastique, Algernon Blackwood est m\u00e9connu en France. La richesse de son \u0153uvre, la puissance de son inspiration, qui va chercher jusqu\u2019au fond des for\u00eats les myst\u00e8res qui hantent l\u2019humanit\u00e9, et sa ma\u00eetrise narrative m\u00e9riteraient pourtant de nombreux lecteurs. C\u2019est qu\u2019il n\u2019est pas de ces bricoleurs d\u2019\u00e9pouvante qui se ressemblent tous. Avec lui, c\u2019est toute la Cr\u00e9ation et la Nature, \u00e0 la fois attirantes et inqui\u00e9tantes, qui sont convoqu\u00e9es face \u00e0 des hommes effar\u00e9s de d\u00e9couvrir ce que leurs \u00e2mes rec\u00e8lent.<\/p>\n<p class=\"p1\">La formidable puissance de suggestion de ce g\u00e9nie de l\u2019\u00e9trange, de cet homme que les mots aimaient, se retrouvera dans les cinq r\u00e9cits de ce recueil dont <em>Les Saules,<\/em> un sommet du genre.<\/p>\n<p class=\"p1\">P\u00e9n\u00e9trez dans l\u2019univers unique d\u2019Algernon Blackwood, l\u2019\u00ab&nbsp;homme fant\u00f4me&nbsp;\u00bb si cher au c\u0153ur des Anglo-Saxons.<\/p>\n","protected":false},"excerpt":{"rendered":"<p>Consid\u00e9r\u00e9 par Lovecraft comme son \u00e9gal, c\u00e9l\u00e9br\u00e9 pendant des d\u00e9cennies comme l\u2019un des ma\u00eetres du fantastique, Algernon Blackwood est m\u00e9connu en France. La richesse de son \u0153uvre, la puissance de son inspiration, qui va chercher jusqu\u2019au fond des for\u00eats les myst\u00e8res qui hantent l\u2019humanit\u00e9, et sa ma\u00eetrise narrative m\u00e9riteraient pourtant de nombreux lecteurs. C\u2019est qu\u2019il [&hellip;]<\/p>\n","protected":false},"author":5,"featured_media":4346,"comment_status":"closed","ping_status":"closed","sticky":false,"template":"","format":"standard","meta":{"footnotes":""},"categories":[612,4],"tags":[286,278,279,288,287],"class_list":["post-4343","post","type-post","status-publish","format-standard","has-post-thumbnail","hentry","category-litterature-de-limaginaire","category-livres-parus","tag-blackwood","tag-francois-bon","tag-h-p-lovecraft","tag-les-saules","tag-lovecraft"],"_links":{"self":[{"href":"https:\/\/www.arbre-vengeur.fr\/index.php?rest_route=\/wp\/v2\/posts\/4343","targetHints":{"allow":["GET"]}}],"collection":[{"href":"https:\/\/www.arbre-vengeur.fr\/index.php?rest_route=\/wp\/v2\/posts"}],"about":[{"href":"https:\/\/www.arbre-vengeur.fr\/index.php?rest_route=\/wp\/v2\/types\/post"}],"author":[{"embeddable":true,"href":"https:\/\/www.arbre-vengeur.fr\/index.php?rest_route=\/wp\/v2\/users\/5"}],"replies":[{"embeddable":true,"href":"https:\/\/www.arbre-vengeur.fr\/index.php?rest_route=%2Fwp%2Fv2%2Fcomments&post=4343"}],"version-history":[{"count":5,"href":"https:\/\/www.arbre-vengeur.fr\/index.php?rest_route=\/wp\/v2\/posts\/4343\/revisions"}],"predecessor-version":[{"id":6296,"href":"https:\/\/www.arbre-vengeur.fr\/index.php?rest_route=\/wp\/v2\/posts\/4343\/revisions\/6296"}],"wp:featuredmedia":[{"embeddable":true,"href":"https:\/\/www.arbre-vengeur.fr\/index.php?rest_route=\/wp\/v2\/media\/4346"}],"wp:attachment":[{"href":"https:\/\/www.arbre-vengeur.fr\/index.php?rest_route=%2Fwp%2Fv2%2Fmedia&parent=4343"}],"wp:term":[{"taxonomy":"category","embeddable":true,"href":"https:\/\/www.arbre-vengeur.fr\/index.php?rest_route=%2Fwp%2Fv2%2Fcategories&post=4343"},{"taxonomy":"post_tag","embeddable":true,"href":"https:\/\/www.arbre-vengeur.fr\/index.php?rest_route=%2Fwp%2Fv2%2Ftags&post=4343"}],"curies":[{"name":"wp","href":"https:\/\/api.w.org\/{rel}","templated":true}]}}