{"id":4487,"date":"2017-08-07T09:00:24","date_gmt":"2017-08-07T08:00:24","guid":{"rendered":"https:\/\/www.arbre-vengeur.fr\/?p=4487"},"modified":"2017-08-05T23:08:49","modified_gmt":"2017-08-05T22:08:49","slug":"les-brouillards-de-jean-pierre-martinet","status":"publish","type":"post","link":"https:\/\/www.arbre-vengeur.fr\/?p=4487","title":{"rendered":"Les brouillards de Jean-Pierre Martinet"},"content":{"rendered":"<p>&nbsp;<\/p>\n<p>Nils Warolin a enqu\u00eat\u00e9 sur la figure de l&#8217;auteur de J\u00e9r\u00f4me et La grande vie pour en tirer un beau documentaire habit\u00e9 par la voix de Denis Lavant : <a href=\"https:\/\/vimeo.com\/202636655\" rel=\"lightbox-video-0\"><strong><em>Le noir monde de Jean-Pierre Martinet<\/em> <\/strong><\/a>sera diffus\u00e9 ici ou l\u00e0, et peut se procurer en dvd chez le producteur Sancho et Cie. Les Bordelais et les Libournais auront la possibilit\u00e9 d&#8217;assister \u00e0 sa projection unique <strong>le 12 octobre<\/strong> \u00e0 l&#8217;<strong>Utopia<\/strong> Saint-Sim\u00e9on, \u00e0 20h30, lors d&#8217;une soir\u00e9e consacr\u00e9e \u00e0 l&#8217;auteur et \u00e0 son \u0153uvre. Une date \u00e0 marquer d&#8217;une pierre grise ou noire.<\/p>\n<p>https:\/\/vimeo.com\/202636655<\/p>\n","protected":false},"excerpt":{"rendered":"<p>&nbsp; Nils Warolin a enqu\u00eat\u00e9 sur la figure de l&#8217;auteur de J\u00e9r\u00f4me et La grande vie pour en tirer un beau documentaire habit\u00e9 par la voix de Denis Lavant : Le noir monde de Jean-Pierre Martinet sera diffus\u00e9 ici ou l\u00e0, et peut se procurer en dvd chez le producteur Sancho et Cie. Les Bordelais [&hellip;]<\/p>\n","protected":false},"author":2,"featured_media":4488,"comment_status":"closed","ping_status":"closed","sticky":false,"template":"","format":"standard","meta":{"footnotes":""},"categories":[9],"tags":[],"class_list":["post-4487","post","type-post","status-publish","format-standard","has-post-thumbnail","hentry","category-actu"],"_links":{"self":[{"href":"https:\/\/www.arbre-vengeur.fr\/index.php?rest_route=\/wp\/v2\/posts\/4487","targetHints":{"allow":["GET"]}}],"collection":[{"href":"https:\/\/www.arbre-vengeur.fr\/index.php?rest_route=\/wp\/v2\/posts"}],"about":[{"href":"https:\/\/www.arbre-vengeur.fr\/index.php?rest_route=\/wp\/v2\/types\/post"}],"author":[{"embeddable":true,"href":"https:\/\/www.arbre-vengeur.fr\/index.php?rest_route=\/wp\/v2\/users\/2"}],"replies":[{"embeddable":true,"href":"https:\/\/www.arbre-vengeur.fr\/index.php?rest_route=%2Fwp%2Fv2%2Fcomments&post=4487"}],"version-history":[{"count":1,"href":"https:\/\/www.arbre-vengeur.fr\/index.php?rest_route=\/wp\/v2\/posts\/4487\/revisions"}],"predecessor-version":[{"id":4489,"href":"https:\/\/www.arbre-vengeur.fr\/index.php?rest_route=\/wp\/v2\/posts\/4487\/revisions\/4489"}],"wp:featuredmedia":[{"embeddable":true,"href":"https:\/\/www.arbre-vengeur.fr\/index.php?rest_route=\/wp\/v2\/media\/4488"}],"wp:attachment":[{"href":"https:\/\/www.arbre-vengeur.fr\/index.php?rest_route=%2Fwp%2Fv2%2Fmedia&parent=4487"}],"wp:term":[{"taxonomy":"category","embeddable":true,"href":"https:\/\/www.arbre-vengeur.fr\/index.php?rest_route=%2Fwp%2Fv2%2Fcategories&post=4487"},{"taxonomy":"post_tag","embeddable":true,"href":"https:\/\/www.arbre-vengeur.fr\/index.php?rest_route=%2Fwp%2Fv2%2Ftags&post=4487"}],"curies":[{"name":"wp","href":"https:\/\/api.w.org\/{rel}","templated":true}]}}