{"id":5153,"date":"2018-02-10T20:31:43","date_gmt":"2018-02-10T19:31:43","guid":{"rendered":"https:\/\/www.arbre-vengeur.fr\/?p=5153"},"modified":"2024-06-15T12:21:49","modified_gmt":"2024-06-15T11:21:49","slug":"modele-de-post-livre-17","status":"publish","type":"post","link":"https:\/\/www.arbre-vengeur.fr\/?p=5153","title":{"rendered":"Monsieur Tristecon, chef d&#8217;entreprise"},"content":{"rendered":"<p class=\"p1\">Ce n\u2019est pas parce qu\u2019on est parfaitement con qu\u2019on n\u2019a pas droit \u00e0 son livre, fut-il aussi petit que celui-ci.<\/p>\n<p class=\"p1\">Dans la vaste galaxie de la connerie \u00e0 la mode fran\u00e7aise, il est un mod\u00e8le que la terre nous envie\u2009: le chef d\u2019entreprise. Celui dont nous parle Fran\u00e7ois Caradec dans ces pages, avec effusion et discernement, n\u2019appartient \u00e0 aucun groupe, aucun syndicat, aucun mouvement. Il cultive en solitaire son art d\u2019ass\u00e9ner des imb\u00e9cilit\u00e9s longtemps m\u00e9dit\u00e9es. Il ressemble \u00e0 votre voisin, votre chef, \u00e0 vous-m\u00eame peut-\u00eatre.<\/p>\n<p class=\"p1\">Faites sa connaissance, puis coincez-le entre deux bons livres, ce traitement ne pourra que lui faire du bien.<\/p>\n","protected":false},"excerpt":{"rendered":"<p>Ce n\u2019est pas parce qu\u2019on est parfaitement con qu\u2019on n\u2019a pas droit \u00e0 son livre, fut-il aussi petit que celui-ci. Dans la vaste galaxie de la connerie \u00e0 la mode fran\u00e7aise, il est un mod\u00e8le que la terre nous envie\u2009: le chef d\u2019entreprise. Celui dont nous parle Fran\u00e7ois Caradec dans ces pages, avec effusion et [&hellip;]<\/p>\n","protected":false},"author":5,"featured_media":5157,"comment_status":"closed","ping_status":"closed","sticky":false,"template":"","format":"standard","meta":{"footnotes":""},"categories":[7,4],"tags":[421,496,497,498,499],"class_list":["post-5153","post","type-post","status-publish","format-standard","has-post-thumbnail","hentry","category-lalambic","category-livres-parus","tag-caradec","tag-francois-caradec","tag-humour-noir","tag-medef","tag-patron"],"_links":{"self":[{"href":"https:\/\/www.arbre-vengeur.fr\/index.php?rest_route=\/wp\/v2\/posts\/5153","targetHints":{"allow":["GET"]}}],"collection":[{"href":"https:\/\/www.arbre-vengeur.fr\/index.php?rest_route=\/wp\/v2\/posts"}],"about":[{"href":"https:\/\/www.arbre-vengeur.fr\/index.php?rest_route=\/wp\/v2\/types\/post"}],"author":[{"embeddable":true,"href":"https:\/\/www.arbre-vengeur.fr\/index.php?rest_route=\/wp\/v2\/users\/5"}],"replies":[{"embeddable":true,"href":"https:\/\/www.arbre-vengeur.fr\/index.php?rest_route=%2Fwp%2Fv2%2Fcomments&post=5153"}],"version-history":[{"count":1,"href":"https:\/\/www.arbre-vengeur.fr\/index.php?rest_route=\/wp\/v2\/posts\/5153\/revisions"}],"predecessor-version":[{"id":5158,"href":"https:\/\/www.arbre-vengeur.fr\/index.php?rest_route=\/wp\/v2\/posts\/5153\/revisions\/5158"}],"wp:featuredmedia":[{"embeddable":true,"href":"https:\/\/www.arbre-vengeur.fr\/index.php?rest_route=\/wp\/v2\/media\/5157"}],"wp:attachment":[{"href":"https:\/\/www.arbre-vengeur.fr\/index.php?rest_route=%2Fwp%2Fv2%2Fmedia&parent=5153"}],"wp:term":[{"taxonomy":"category","embeddable":true,"href":"https:\/\/www.arbre-vengeur.fr\/index.php?rest_route=%2Fwp%2Fv2%2Fcategories&post=5153"},{"taxonomy":"post_tag","embeddable":true,"href":"https:\/\/www.arbre-vengeur.fr\/index.php?rest_route=%2Fwp%2Fv2%2Ftags&post=5153"}],"curies":[{"name":"wp","href":"https:\/\/api.w.org\/{rel}","templated":true}]}}