{"id":5154,"date":"2018-05-30T20:34:31","date_gmt":"2018-05-30T19:34:31","guid":{"rendered":"https:\/\/www.arbre-vengeur.fr\/?p=5154"},"modified":"2018-09-05T08:40:53","modified_gmt":"2018-09-05T07:40:53","slug":"chesterton-gilbert-keith-14","status":"publish","type":"post","link":"https:\/\/www.arbre-vengeur.fr\/?p=5154","title":{"rendered":"Caradec, Fran\u00e7ois"},"content":{"rendered":"<p>Fran\u00e7ois Caradec est un personnage cardinal depuis la fin de la guerre.<\/p>\n<p>N\u00e9 \u00e0 Quimper, le 18 juin 1924 (date pr\u00e9sum\u00e9e) il a \u00e9t\u00e9 pr\u00e9sident de la SGDL o\u00f9 son dossier est vide.., il est mort \u00e0 Paris le 13 novembre 2008.<\/p>\n<p>Membre fondateur du Coll\u00e8ge de Pataphysique et de l&#8217;<strong>Oulipo<\/strong>\u00a0avec Raymond\u00a0<strong>Queneau<\/strong>, Boris\u00a0<strong>Vian<\/strong>, Henri Salvador ou Arrabal, il appara\u00eet d\u00e9sormais comme un personnage majeur de l&#8217;histoire culturelle de la seconde moiti\u00e9 du XX\u00b0 si\u00e8cle<br \/>\nImprimeur, sp\u00e9cialiste de la bande dessin\u00e9e, auteur de pastiches et animateur de radio, \u00e9diteur (il a travaill\u00e9 pour Claude Tchou et de nombreux autres), il est l&#8217;auteur avec No\u00ebl Arnaud de l&#8217; &#8220;Encyclop\u00e9die des farces et attrapes&#8221; (1964), v\u00e9ritable point de d\u00e9part de toutes les \u00e9tudes sur la litt\u00e9rature et l&#8217;art post-moderne (depuis le non-\u00e9crire, jusqu&#8217;au monochrome (Alphonse Allais et Yves Klein) en passant par l&#8217;art na\u00eff, la mystification et l&#8217;entartage, le go\u00fbt du monde forain et de l&#8217;art de rue), etc.<\/p>\n<p>On lui doit la biographie de\u00a0<strong>Lautr\u00e9amont<\/strong>, de Willy, de Raymond\u00a0<strong>Roussel<\/strong>, d&#8217;Alphonse\u00a0<strong>Allais<\/strong>, de nombreux essais, un polar, etc.<\/p>\n<p>Plus que le plan Marshall, le plan Caradec a chang\u00e9 la face de la culture. Il ne serait pas inutile de le tirer un peu du purgatoire qu&#8217;il subit, toute une g\u00e9n\u00e9ration de libraires ne le connaissant pas.<\/p>\n","protected":false},"excerpt":{"rendered":"<p>Fran\u00e7ois Caradec est un personnage cardinal depuis la fin de la guerre. N\u00e9 \u00e0 Quimper, le 18 juin 1924 (date pr\u00e9sum\u00e9e) il a \u00e9t\u00e9 pr\u00e9sident de la SGDL o\u00f9 son dossier est vide.., il est mort \u00e0 Paris le 13 novembre 2008. Membre fondateur du Coll\u00e8ge de Pataphysique et de l&#8217;Oulipo\u00a0avec Raymond\u00a0Queneau, Boris\u00a0Vian, Henri Salvador [&hellip;]<\/p>\n","protected":false},"author":5,"featured_media":5156,"comment_status":"closed","ping_status":"closed","sticky":false,"template":"","format":"standard","meta":{"footnotes":""},"categories":[10],"tags":[],"class_list":["post-5154","post","type-post","status-publish","format-standard","has-post-thumbnail","hentry","category-auteur"],"_links":{"self":[{"href":"https:\/\/www.arbre-vengeur.fr\/index.php?rest_route=\/wp\/v2\/posts\/5154","targetHints":{"allow":["GET"]}}],"collection":[{"href":"https:\/\/www.arbre-vengeur.fr\/index.php?rest_route=\/wp\/v2\/posts"}],"about":[{"href":"https:\/\/www.arbre-vengeur.fr\/index.php?rest_route=\/wp\/v2\/types\/post"}],"author":[{"embeddable":true,"href":"https:\/\/www.arbre-vengeur.fr\/index.php?rest_route=\/wp\/v2\/users\/5"}],"replies":[{"embeddable":true,"href":"https:\/\/www.arbre-vengeur.fr\/index.php?rest_route=%2Fwp%2Fv2%2Fcomments&post=5154"}],"version-history":[{"count":2,"href":"https:\/\/www.arbre-vengeur.fr\/index.php?rest_route=\/wp\/v2\/posts\/5154\/revisions"}],"predecessor-version":[{"id":5284,"href":"https:\/\/www.arbre-vengeur.fr\/index.php?rest_route=\/wp\/v2\/posts\/5154\/revisions\/5284"}],"wp:featuredmedia":[{"embeddable":true,"href":"https:\/\/www.arbre-vengeur.fr\/index.php?rest_route=\/wp\/v2\/media\/5156"}],"wp:attachment":[{"href":"https:\/\/www.arbre-vengeur.fr\/index.php?rest_route=%2Fwp%2Fv2%2Fmedia&parent=5154"}],"wp:term":[{"taxonomy":"category","embeddable":true,"href":"https:\/\/www.arbre-vengeur.fr\/index.php?rest_route=%2Fwp%2Fv2%2Fcategories&post=5154"},{"taxonomy":"post_tag","embeddable":true,"href":"https:\/\/www.arbre-vengeur.fr\/index.php?rest_route=%2Fwp%2Fv2%2Ftags&post=5154"}],"curies":[{"name":"wp","href":"https:\/\/api.w.org\/{rel}","templated":true}]}}