{"id":5183,"date":"2018-06-26T14:39:29","date_gmt":"2018-06-26T13:39:29","guid":{"rendered":"https:\/\/www.arbre-vengeur.fr\/?p=5183"},"modified":"2018-06-26T14:39:29","modified_gmt":"2018-06-26T13:39:29","slug":"cest-lete-chez-pola","status":"publish","type":"post","link":"https:\/\/www.arbre-vengeur.fr\/?p=5183","title":{"rendered":"C&#8217;est l&#8217;\u00e9t\u00e9 chez Pola"},"content":{"rendered":"<p>Entour\u00e9 de nos amis de Corn\u00e9lius, Fr\u00e9mok et les Requins marteaux, nous participerons \u00e0 la vente d&#8217;\u00e9t\u00e9 des \u00e9diteurs de POLA au sein du coll\u00e8ge Fieff\u00e9, endroit abandonn\u00e9 par les \u00e9l\u00e8ves mais o\u00f9 se manifeste la folle inventivit\u00e9 d&#8217;une fabrique au service de la cr\u00e9ation. Cela aura lieu pendant tout l&#8217;apr\u00e8s-midi du vendredi 29 juin, au soleil, avec citronnades \u00e0 volont\u00e9. Une occasion en or de compl\u00e9ter ses collections !<\/p>\n","protected":false},"excerpt":{"rendered":"<p>Entour\u00e9 de nos amis de Corn\u00e9lius, Fr\u00e9mok et les Requins marteaux, nous participerons \u00e0 la vente d&#8217;\u00e9t\u00e9 des \u00e9diteurs de POLA au sein du coll\u00e8ge Fieff\u00e9, endroit abandonn\u00e9 par les \u00e9l\u00e8ves mais o\u00f9 se manifeste la folle inventivit\u00e9 d&#8217;une fabrique au service de la cr\u00e9ation. Cela aura lieu pendant tout l&#8217;apr\u00e8s-midi du vendredi 29 juin, [&hellip;]<\/p>\n","protected":false},"author":2,"featured_media":5184,"comment_status":"closed","ping_status":"closed","sticky":false,"template":"","format":"standard","meta":{"footnotes":""},"categories":[9],"tags":[94,267,505,507,504,506],"class_list":["post-5183","post","type-post","status-publish","format-standard","has-post-thumbnail","hentry","category-actu","tag-cornelius","tag-ete","tag-fieffe","tag-fremok","tag-pola","tag-vente"],"_links":{"self":[{"href":"https:\/\/www.arbre-vengeur.fr\/index.php?rest_route=\/wp\/v2\/posts\/5183","targetHints":{"allow":["GET"]}}],"collection":[{"href":"https:\/\/www.arbre-vengeur.fr\/index.php?rest_route=\/wp\/v2\/posts"}],"about":[{"href":"https:\/\/www.arbre-vengeur.fr\/index.php?rest_route=\/wp\/v2\/types\/post"}],"author":[{"embeddable":true,"href":"https:\/\/www.arbre-vengeur.fr\/index.php?rest_route=\/wp\/v2\/users\/2"}],"replies":[{"embeddable":true,"href":"https:\/\/www.arbre-vengeur.fr\/index.php?rest_route=%2Fwp%2Fv2%2Fcomments&post=5183"}],"version-history":[{"count":1,"href":"https:\/\/www.arbre-vengeur.fr\/index.php?rest_route=\/wp\/v2\/posts\/5183\/revisions"}],"predecessor-version":[{"id":5185,"href":"https:\/\/www.arbre-vengeur.fr\/index.php?rest_route=\/wp\/v2\/posts\/5183\/revisions\/5185"}],"wp:featuredmedia":[{"embeddable":true,"href":"https:\/\/www.arbre-vengeur.fr\/index.php?rest_route=\/wp\/v2\/media\/5184"}],"wp:attachment":[{"href":"https:\/\/www.arbre-vengeur.fr\/index.php?rest_route=%2Fwp%2Fv2%2Fmedia&parent=5183"}],"wp:term":[{"taxonomy":"category","embeddable":true,"href":"https:\/\/www.arbre-vengeur.fr\/index.php?rest_route=%2Fwp%2Fv2%2Fcategories&post=5183"},{"taxonomy":"post_tag","embeddable":true,"href":"https:\/\/www.arbre-vengeur.fr\/index.php?rest_route=%2Fwp%2Fv2%2Ftags&post=5183"}],"curies":[{"name":"wp","href":"https:\/\/api.w.org\/{rel}","templated":true}]}}