{"id":5391,"date":"2018-10-07T20:00:29","date_gmt":"2018-10-07T19:00:29","guid":{"rendered":"https:\/\/www.arbre-vengeur.fr\/?p=5391"},"modified":"2025-05-27T21:28:09","modified_gmt":"2025-05-27T20:28:09","slug":"modele-de-post-livre-20","status":"publish","type":"post","link":"https:\/\/www.arbre-vengeur.fr\/?p=5391","title":{"rendered":"L&#8217;autofictif et les trois mousquetaires"},"content":{"rendered":"<p class=\"p1\">Un mercredi de septembre, Chevillard \u00e9crit :<\/p>\n<p>&#8220;<em>Au XVIIe si\u00e8cle encore, on utilisait le s long qui s\u2019\u00e9crit \u00e0 peu pr\u00e8s comme le f. Il se pronon\u00e7ait pourtant bien comme le s, c\u2019est du moins ce que l\u2019on a toujours pr\u00e9tendu.\u00a0<\/em><\/p>\n<p><em>Or je viens d\u2019exhumer un d\u00e9cret de 1693 ordonnant aux boulangers de Dijon, suite \u00e0 de nombreuses plaintes des habitants au sujet de leur immangeable pain bis, de \u00ab\u00a0<\/em>tenir leurs boutiques fuffifamment garnies de pain blanc, \u00e0 raifon de feize deniers la livre<em>\u00a0\u00bb.\u00a0<\/em><\/p>\n<p><em>Et l\u2019on comprend alors que ce n\u2019est pas une question de graphie, mais bien plut\u00f4t que l\u2019\u00e9chevin r\u00e9dacteur du d\u00e9cret se sera lui-m\u00eame bris\u00e9 les dents en mordant dans ces quignons.<\/em>&#8221;<\/p>\n<p>Toujours ce principe acquis depuis onze ans de proposer chaque jour que Dieu fait (sauf l&#8217;\u00e9t\u00e9 : repos le week-end) trois courtes proses qui forment un billet, soit que le trio ait une unit\u00e9, soit qu&#8217;il s&#8217;agisse d&#8217;un \u00e9clat solitaire, ou d&#8217;un th\u00e8me revenant r\u00e9guli\u00e8rement, Eric Chevillard n&#8217;aimant rien tant que les variations o\u00f9 il peut laisser librement cours \u00e0 sa veine comique notamment. Ainsi :<\/p>\n<p>&#8220;J\u2019aurais aim\u00e9 \u00eatre l\u00e0 quand l\u2019inventeur de la confiture et celui du pot se sont crois\u00e9s par hasard. Il para\u00eet que le premier est tomb\u00e9 dans les bras du second.&#8221;<\/p>\n<p>&#8220;Ce dut \u00eatre un beau moment que celui o\u00f9 les inventeurs respectifs du pain, du beurre et du couteau r\u00e9v\u00e9l\u00e8rent au monde leur projet commun.&#8221;<\/p>\n<p>Rendez-vous matinal d&#8217;amateurs qui commencent leur journ\u00e9e par une tasse d&#8217;autofictif, ce journal quasiment pas intime (malgr\u00e9 de r\u00e9guliers aveux, malgr\u00e9 des confidences, des souvenirs, des r\u00e9cits de voyages) devient un livre au mois de janvier car la litt\u00e9rature n&#8217;est jamais aussi bien que sous une couverture. Celles de\u00a0<em>L&#8217;Autofictif<\/em>\u00a0sont souvent noires et assez elliptiques, comme le style de l&#8217;auteur. Livre \u00e0 avoir sous la main, presque sous la douche, ce viatique rappelle qu&#8217;il n&#8217;est pas n\u00e9cessaire d&#8217;\u00e9crire des romans ou composer des po\u00e8mes pour faire de la litt\u00e9rature.<\/p>\n","protected":false},"excerpt":{"rendered":"<p>Un mercredi de septembre, Chevillard \u00e9crit : &#8220;Au XVIIe si\u00e8cle encore, on utilisait le s long qui s\u2019\u00e9crit \u00e0 peu pr\u00e8s comme le f. Il se pronon\u00e7ait pourtant bien comme le s, c\u2019est du moins ce que l\u2019on a toujours pr\u00e9tendu.\u00a0 Or je viens d\u2019exhumer un d\u00e9cret de 1693 ordonnant aux boulangers de Dijon, suite [&hellip;]<\/p>\n","protected":false},"author":5,"featured_media":5392,"comment_status":"closed","ping_status":"closed","sticky":false,"template":"","format":"standard","meta":{"footnotes":""},"categories":[656,4],"tags":[],"class_list":["post-5391","post","type-post","status-publish","format-standard","has-post-thumbnail","hentry","category-braderie","category-livres-parus"],"_links":{"self":[{"href":"https:\/\/www.arbre-vengeur.fr\/index.php?rest_route=\/wp\/v2\/posts\/5391","targetHints":{"allow":["GET"]}}],"collection":[{"href":"https:\/\/www.arbre-vengeur.fr\/index.php?rest_route=\/wp\/v2\/posts"}],"about":[{"href":"https:\/\/www.arbre-vengeur.fr\/index.php?rest_route=\/wp\/v2\/types\/post"}],"author":[{"embeddable":true,"href":"https:\/\/www.arbre-vengeur.fr\/index.php?rest_route=\/wp\/v2\/users\/5"}],"replies":[{"embeddable":true,"href":"https:\/\/www.arbre-vengeur.fr\/index.php?rest_route=%2Fwp%2Fv2%2Fcomments&post=5391"}],"version-history":[{"count":2,"href":"https:\/\/www.arbre-vengeur.fr\/index.php?rest_route=\/wp\/v2\/posts\/5391\/revisions"}],"predecessor-version":[{"id":5394,"href":"https:\/\/www.arbre-vengeur.fr\/index.php?rest_route=\/wp\/v2\/posts\/5391\/revisions\/5394"}],"wp:featuredmedia":[{"embeddable":true,"href":"https:\/\/www.arbre-vengeur.fr\/index.php?rest_route=\/wp\/v2\/media\/5392"}],"wp:attachment":[{"href":"https:\/\/www.arbre-vengeur.fr\/index.php?rest_route=%2Fwp%2Fv2%2Fmedia&parent=5391"}],"wp:term":[{"taxonomy":"category","embeddable":true,"href":"https:\/\/www.arbre-vengeur.fr\/index.php?rest_route=%2Fwp%2Fv2%2Fcategories&post=5391"},{"taxonomy":"post_tag","embeddable":true,"href":"https:\/\/www.arbre-vengeur.fr\/index.php?rest_route=%2Fwp%2Fv2%2Ftags&post=5391"}],"curies":[{"name":"wp","href":"https:\/\/api.w.org\/{rel}","templated":true}]}}