{"id":5627,"date":"2019-02-05T23:15:49","date_gmt":"2019-02-05T22:15:49","guid":{"rendered":"https:\/\/www.arbre-vengeur.fr\/?p=5627"},"modified":"2019-02-05T23:15:49","modified_gmt":"2019-02-05T22:15:49","slug":"chesterton-gilbert-keith-20","status":"publish","type":"post","link":"https:\/\/www.arbre-vengeur.fr\/?p=5627","title":{"rendered":"Carvalho, Walter Campos de"},"content":{"rendered":"<p>Walter Campos de Carvalho est n\u00e9 en 1916 au Br\u00e9sil, \u00e0 Ubareba (\u00c9tat de Minas Gerais). Apr\u00e8s des \u00e9tudes de droit puis un parcours de journaliste pendant la guerre, il fit carri\u00e8re dans la magistrature, devenant procureur \u00e0 S\u00e3o Paulo. Ayant longtemps v\u00e9cu \u00e0 Rio de Janeiro puis Petropolis, tent\u00e9 par l\u2019exil \u00e0 Lisbonne ou Paris, il ne quitta n\u00e9anmoins jamais son pays dont il disait aimer le chaos. Il composa d\u2019abord des textes brefs et humoristiques qu\u2019il renia, avant de s\u2019essayer \u00e0 la nouvelle, au roman et \u00e0 l\u2019essai. \u00c9crivain rare, il a peu \u00e9crit et s\u2019est \u00e9vertu\u00e9 \u00e0 en dire le moins possible sur sa vie, ne se livrant pas volontiers aux photographes.<br \/>\nOn a \u00e9t\u00e9 tent\u00e9 de rapprocher son travail de celui des dada\u00efstes, des futuristes br\u00e9siliens, on a cit\u00e9 Ionesco ou Pessoa, c\u2019est dire s\u2019il est inclassable.<br \/>\nEn France ont \u00e9t\u00e9 \u00e9dit\u00e9s <em>La lune vient d\u2019Asie<\/em> (Albin Michel, 1976), <em>La pluie immobile<\/em> (1980) traduits par Alice Raillard et <em>La vache au nez subtil<\/em> (L\u00e9o Scheer-Laureli, 2011) traduit par Emmanuel Tugny.<\/p>\n","protected":false},"excerpt":{"rendered":"<p>Walter Campos de Carvalho est n\u00e9 en 1916 au Br\u00e9sil, \u00e0 Ubareba (\u00c9tat de Minas Gerais). Apr\u00e8s des \u00e9tudes de droit puis un parcours de journaliste pendant la guerre, il fit carri\u00e8re dans la magistrature, devenant procureur \u00e0 S\u00e3o Paulo. Ayant longtemps v\u00e9cu \u00e0 Rio de Janeiro puis Petropolis, tent\u00e9 par l\u2019exil \u00e0 Lisbonne ou [&hellip;]<\/p>\n","protected":false},"author":5,"featured_media":0,"comment_status":"closed","ping_status":"closed","sticky":false,"template":"","format":"standard","meta":{"footnotes":""},"categories":[10],"tags":[],"class_list":["post-5627","post","type-post","status-publish","format-standard","hentry","category-auteur"],"_links":{"self":[{"href":"https:\/\/www.arbre-vengeur.fr\/index.php?rest_route=\/wp\/v2\/posts\/5627","targetHints":{"allow":["GET"]}}],"collection":[{"href":"https:\/\/www.arbre-vengeur.fr\/index.php?rest_route=\/wp\/v2\/posts"}],"about":[{"href":"https:\/\/www.arbre-vengeur.fr\/index.php?rest_route=\/wp\/v2\/types\/post"}],"author":[{"embeddable":true,"href":"https:\/\/www.arbre-vengeur.fr\/index.php?rest_route=\/wp\/v2\/users\/5"}],"replies":[{"embeddable":true,"href":"https:\/\/www.arbre-vengeur.fr\/index.php?rest_route=%2Fwp%2Fv2%2Fcomments&post=5627"}],"version-history":[{"count":1,"href":"https:\/\/www.arbre-vengeur.fr\/index.php?rest_route=\/wp\/v2\/posts\/5627\/revisions"}],"predecessor-version":[{"id":5630,"href":"https:\/\/www.arbre-vengeur.fr\/index.php?rest_route=\/wp\/v2\/posts\/5627\/revisions\/5630"}],"wp:attachment":[{"href":"https:\/\/www.arbre-vengeur.fr\/index.php?rest_route=%2Fwp%2Fv2%2Fmedia&parent=5627"}],"wp:term":[{"taxonomy":"category","embeddable":true,"href":"https:\/\/www.arbre-vengeur.fr\/index.php?rest_route=%2Fwp%2Fv2%2Fcategories&post=5627"},{"taxonomy":"post_tag","embeddable":true,"href":"https:\/\/www.arbre-vengeur.fr\/index.php?rest_route=%2Fwp%2Fv2%2Ftags&post=5627"}],"curies":[{"name":"wp","href":"https:\/\/api.w.org\/{rel}","templated":true}]}}