{"id":5628,"date":"2019-02-05T23:16:15","date_gmt":"2019-02-05T22:16:15","guid":{"rendered":"https:\/\/www.arbre-vengeur.fr\/?p=5628"},"modified":"2024-06-12T21:41:18","modified_gmt":"2024-06-12T20:41:18","slug":"modele-de-post-livre-24","status":"publish","type":"post","link":"https:\/\/www.arbre-vengeur.fr\/?p=5628","title":{"rendered":"La lune vient d&#8217;Asie"},"content":{"rendered":"<p class=\"p1\">Que ceux qui croient que la litt\u00e9rature doit \u00eatre optimiste, consolante et transparente, adoucir la rudesse de la vie et tendre \u00e0 son lecteur un miroir apaisant, ne pas br\u00fbler mais dispenser une ti\u00e9deur rassurante, \u00e9vitent \u00e0 tout prix ce roman de Walter Campos de Carvalho. Le personnage qu\u2019il y a enferm\u00e9 a d\u00e9cid\u00e9 de dire son fait au monde qui l\u2019entoure, et peu lui importe que ce soit derri\u00e8re les murs d\u2019un h\u00f4tel qui a tout d\u2019un asile de fous : il vitup\u00e8re, s\u2019indigne, d\u00e9lire, accuse, raille, provoque et malm\u00e8ne les conventions en nous racontant sa vie imaginaire et ses voyages insens\u00e9s.<\/p>\n<p class=\"p1\">Derri\u00e8re la farce et les exc\u00e8s d\u2019une excitante inventivit\u00e9, l\u2019auteur br\u00e9silien, qu\u2019on a souvent compar\u00e9 \u00e0 Jarry, s\u2019en prend aux ravages n\u00e9s de la furie de l\u2019Homme incapable de vivre en paix.<\/p>\n<p class=\"p1\">La parole du fou qui au lever du soleil pr\u00e9f\u00e8re celui de la lune est peut-\u00eatre plus obscure que celle du commun des mortels. Sa douloureuse beaut\u00e9 n\u2019en \u00e9clate que plus fort.<\/p>\n<p>&nbsp;<\/p>\n<p class=\"p1\">\u00ab Un grand romancier br\u00e9silien, cr\u00e9ateur d\u2019un monde unique, fantastique et terrible ; un grand romancier qui touche du doigt les fronti\u00e8res de la vie et celles de l\u2019homme. \u00bb<\/p>\n<p class=\"p2\">Jorge AMADO<\/p>\n","protected":false},"excerpt":{"rendered":"<p>Que ceux qui croient que la litt\u00e9rature doit \u00eatre optimiste, consolante et transparente, adoucir la rudesse de la vie et tendre \u00e0 son lecteur un miroir apaisant, ne pas br\u00fbler mais dispenser une ti\u00e9deur rassurante, \u00e9vitent \u00e0 tout prix ce roman de Walter Campos de Carvalho. Le personnage qu\u2019il y a enferm\u00e9 a d\u00e9cid\u00e9 de [&hellip;]<\/p>\n","protected":false},"author":5,"featured_media":5629,"comment_status":"closed","ping_status":"closed","sticky":false,"template":"","format":"standard","meta":{"footnotes":""},"categories":[656,4],"tags":[],"class_list":["post-5628","post","type-post","status-publish","format-standard","has-post-thumbnail","hentry","category-braderie","category-livres-parus"],"_links":{"self":[{"href":"https:\/\/www.arbre-vengeur.fr\/index.php?rest_route=\/wp\/v2\/posts\/5628","targetHints":{"allow":["GET"]}}],"collection":[{"href":"https:\/\/www.arbre-vengeur.fr\/index.php?rest_route=\/wp\/v2\/posts"}],"about":[{"href":"https:\/\/www.arbre-vengeur.fr\/index.php?rest_route=\/wp\/v2\/types\/post"}],"author":[{"embeddable":true,"href":"https:\/\/www.arbre-vengeur.fr\/index.php?rest_route=\/wp\/v2\/users\/5"}],"replies":[{"embeddable":true,"href":"https:\/\/www.arbre-vengeur.fr\/index.php?rest_route=%2Fwp%2Fv2%2Fcomments&post=5628"}],"version-history":[{"count":1,"href":"https:\/\/www.arbre-vengeur.fr\/index.php?rest_route=\/wp\/v2\/posts\/5628\/revisions"}],"predecessor-version":[{"id":5631,"href":"https:\/\/www.arbre-vengeur.fr\/index.php?rest_route=\/wp\/v2\/posts\/5628\/revisions\/5631"}],"wp:featuredmedia":[{"embeddable":true,"href":"https:\/\/www.arbre-vengeur.fr\/index.php?rest_route=\/wp\/v2\/media\/5629"}],"wp:attachment":[{"href":"https:\/\/www.arbre-vengeur.fr\/index.php?rest_route=%2Fwp%2Fv2%2Fmedia&parent=5628"}],"wp:term":[{"taxonomy":"category","embeddable":true,"href":"https:\/\/www.arbre-vengeur.fr\/index.php?rest_route=%2Fwp%2Fv2%2Fcategories&post=5628"},{"taxonomy":"post_tag","embeddable":true,"href":"https:\/\/www.arbre-vengeur.fr\/index.php?rest_route=%2Fwp%2Fv2%2Ftags&post=5628"}],"curies":[{"name":"wp","href":"https:\/\/api.w.org\/{rel}","templated":true}]}}