{"id":6473,"date":"2020-07-05T12:04:45","date_gmt":"2020-07-05T11:04:45","guid":{"rendered":"https:\/\/www.arbre-vengeur.fr\/?p=6473"},"modified":"2022-12-01T22:54:47","modified_gmt":"2022-12-01T21:54:47","slug":"modele-de-post-livre-54","status":"publish","type":"post","link":"https:\/\/www.arbre-vengeur.fr\/?p=6473","title":{"rendered":"La cit\u00e9 des fous <h4>(Nouvelle \u00e9dition)<\/h4>"},"content":{"rendered":"<p class=\"p1\">94 jours derri\u00e8re les hauts murs de Sainte-Anne, trois mois \u00e0 observer les condamn\u00e9s de ce bagne ignor\u00e9, des semaines \u00e0 contenir sa propre folie, Marc St\u00e9phane les a v\u00e9cus au d\u00e9but du XX<span class=\"s1\">e <\/span>si\u00e8cle.<\/p>\n<p class=\"p1\">Voyage au bout d&#8217;un enfer personnel et collectif, cette Cit\u00e9 des fous est le r\u00e9cit d\u00e9taill\u00e9 de sa plong\u00e9e dans ce monde chaotique interdit \u00e0 quiconque n&#8217;\u00e9tait pas psychiatre, infirmier ou\u2026 ali\u00e9n\u00e9. Et parce que cet \u00e9crivain d\u00e9sormais englouti poss\u00e8de une langue d&#8217;une verdeur \u00e0 faire p\u00e2lir un certain C\u00e9line, parce que ses lignes m\u00ealent \u00e0 une intense compassion un refus du pathos f\u00e9tide, il transforme ce qui pourrait <span style=\"font-size: inherit;\">\u00eatre un r\u00e9quisitoire en odyss\u00e9e au pays de la folie.<\/span><\/p>\n<p class=\"p1\">Texte inclassable et d&#8217;une inqui\u00e9tante dr\u00f4lerie, <em>La cit\u00e9 des fous<\/em> m\u00e9rite de figurer dans les biblioth\u00e8ques de ceux pour qui la litt\u00e9rature n&#8217;est prisonni\u00e8re d&#8217;aucune forme et d&#8217;aucune camisole.<\/p>\n","protected":false},"excerpt":{"rendered":"<p>94 jours derri\u00e8re les hauts murs de Sainte-Anne, trois mois \u00e0 observer les condamn\u00e9s de ce bagne ignor\u00e9, des semaines \u00e0 contenir sa propre folie, Marc St\u00e9phane les a v\u00e9cus au d\u00e9but du XXe si\u00e8cle. Voyage au bout d&#8217;un enfer personnel et collectif, cette Cit\u00e9 des fous est le r\u00e9cit d\u00e9taill\u00e9 de sa plong\u00e9e dans [&hellip;]<\/p>\n","protected":false},"author":5,"featured_media":6474,"comment_status":"closed","ping_status":"closed","sticky":false,"template":"","format":"standard","meta":{"footnotes":""},"categories":[7,4],"tags":[],"class_list":["post-6473","post","type-post","status-publish","format-standard","has-post-thumbnail","hentry","category-lalambic","category-livres-parus"],"_links":{"self":[{"href":"https:\/\/www.arbre-vengeur.fr\/index.php?rest_route=\/wp\/v2\/posts\/6473","targetHints":{"allow":["GET"]}}],"collection":[{"href":"https:\/\/www.arbre-vengeur.fr\/index.php?rest_route=\/wp\/v2\/posts"}],"about":[{"href":"https:\/\/www.arbre-vengeur.fr\/index.php?rest_route=\/wp\/v2\/types\/post"}],"author":[{"embeddable":true,"href":"https:\/\/www.arbre-vengeur.fr\/index.php?rest_route=\/wp\/v2\/users\/5"}],"replies":[{"embeddable":true,"href":"https:\/\/www.arbre-vengeur.fr\/index.php?rest_route=%2Fwp%2Fv2%2Fcomments&post=6473"}],"version-history":[{"count":1,"href":"https:\/\/www.arbre-vengeur.fr\/index.php?rest_route=\/wp\/v2\/posts\/6473\/revisions"}],"predecessor-version":[{"id":6475,"href":"https:\/\/www.arbre-vengeur.fr\/index.php?rest_route=\/wp\/v2\/posts\/6473\/revisions\/6475"}],"wp:featuredmedia":[{"embeddable":true,"href":"https:\/\/www.arbre-vengeur.fr\/index.php?rest_route=\/wp\/v2\/media\/6474"}],"wp:attachment":[{"href":"https:\/\/www.arbre-vengeur.fr\/index.php?rest_route=%2Fwp%2Fv2%2Fmedia&parent=6473"}],"wp:term":[{"taxonomy":"category","embeddable":true,"href":"https:\/\/www.arbre-vengeur.fr\/index.php?rest_route=%2Fwp%2Fv2%2Fcategories&post=6473"},{"taxonomy":"post_tag","embeddable":true,"href":"https:\/\/www.arbre-vengeur.fr\/index.php?rest_route=%2Fwp%2Fv2%2Ftags&post=6473"}],"curies":[{"name":"wp","href":"https:\/\/api.w.org\/{rel}","templated":true}]}}